{"id":1227,"date":"2012-01-30T16:24:15","date_gmt":"2012-01-30T15:24:15","guid":{"rendered":"http:\/\/www.historikerkomitee.de\/?p=1227"},"modified":"2012-03-25T11:06:12","modified_gmt":"2012-03-25T10:06:12","slug":"mythes-et-tabous-mythen-und-tabus","status":"publish","type":"post","link":"http:\/\/www.historikerkomitee.de\/?p=1227","title":{"rendered":"Mythes et tabous \/ Mythen und Tabus"},"content":{"rendered":"<p>Nouvelle parution :<\/p>\n<h4><span style=\"color: #800000;\"><a href=\"http:\/\/www.peterlang.com\/index.cfm?event=cmp.ccc.seitenstruktur.detailseiten&amp;seitentyp=produkt&amp;pk=58971&amp;concordeid=430592\" class=\"broken_link\" rel=\"nofollow\"><span style=\"color: #800000;\"><strong>Ulrich Pfeil (Hg.), Mythes et tabous des relations franco-allemandes au XXe si\u00e8cle (Convergences, Bd. 65), Bern u.a. Peter Lang, 2012.<\/strong><\/span><\/a><\/span><\/h4>\n<p style=\"text-align: justify; padding-left: 30px;\">Depuis la fin du XVIIIe si\u00e8cle, la France et l&rsquo;Allemagne se sont retrouv\u00e9es face \u00e0 face, oppos\u00e9es l&rsquo;une \u00e0 l&rsquo;autre selon un sch\u00e9ma qui s&rsquo;est constamment nourri de symboles et de r\u00e9cits de nature antagoniste. Dans la mesure o\u00f9 les mythes d\u00e9crivent \u00ab ce qui n&rsquo;a jamais exist\u00e9 et ce qui se perp\u00e9tue \u00bb, ils constituent un mat\u00e9riau servant \u00e0 forger sa propre identit\u00e9 en se d\u00e9marquant de celle du voisin. Par la suite, les relations franco-allemandes furent toujours et encore marqu\u00e9es par des conflits et des guerres, de telle sorte que l&rsquo;image de l&rsquo;autre comme \u00ab ennemi h\u00e9r\u00e9ditaire \u00bb s&rsquo;est solidement ancr\u00e9e dans la perception mutuelle, de part et d&rsquo;autre du Rhin, jusqu&rsquo;au milieu du XXe si\u00e8cle. Mais si les mythes politiques, en tant qu&rsquo;armes mentales, peuvent \u00eatre des forces motrices des conflits, ils peuvent aussi contribuer &#8211; \u00e0 l&rsquo;exemple des relations franco-allemandes apr\u00e8s 1945 &#8211; \u00e0 transformer les anciens \u00ab ennemis \u00bb en \u00ab amis \u00bb h\u00e9r\u00e9ditaires. Cet ouvrage analyse les perceptions, la construction des st\u00e9r\u00e9otypes, les mises en sc\u00e8ne politiques, mais aussi les tabous et parfois les retours du refoul\u00e9.<\/p>\n<h4 style=\"text-align: justify; padding-left: 30px;\"><img loading=\"lazy\" class=\"alignleft\" style=\"margin: 10px;\" src=\"http:\/\/www.peterlang.com\/files\/smthumbnaildata\/\/325x\/2\/0\/0\/7\/0\/3\/430592_cover_front.jpg\" height=\"273\" width=\"194\" \/><\/h4>\n<h4><span style=\"color: #800000;\"><span style=\"font-family: Calibri; font-size: medium;\"><\/span><span style=\"font-size: medium;\"><a href=\"http:\/\/www.peterlang.com\/index.cfm?event=cmp.ccc.seitenstruktur.detailseiten&amp;seitentyp=produkt&amp;pk=58971&amp;concordeid=430592\" class=\"broken_link\" rel=\"nofollow\"><span style=\"color: #800000; font-family: Calibri;\"><strong><span style=\"text-decoration: underline;\">Ulrich Pfeil (Hg.), Mythen und Tabus der deutsch-franz\u00f6sischen Beziehungen im 20. Jahrhundert (Convergences, Bd. 65), Bern u.a. Peter Lang, 2012.<\/span><\/strong><\/span><\/a><\/span><\/span><\/h4>\n<p style=\"text-align: justify; padding-left: 30px;\"><span style=\"color: #000080;\">Seit dem Ende des 18. Jahrhunderts standen sich Deutschland und Frankreich feindlich gegen\u00fcber. Ihr Antagonismus wurde von einem Schema bestimmt, das sich best\u00e4ndig durch gegens\u00e4tzliche Symbole und Narrative n\u00e4hrte. Indem Mythen beschreiben, \u00abwas niemals existiert hat und was weiter fortlebt\u00bb, bilden sie ein identit\u00e4tsstiftendes Material, mit dem sich beide vom Nachbarn abgrenzten. In der Folge blieben die deutsch-franz\u00f6sischen Beziehungen von Konflikten und Kriegen bestimmt, so dass das Bild vom \u00abErbfeind\u00bb bis zur Mitte des 20. Jahrhunderts tief in der wechselseitigen Perzeption auf beiden Seiten des Rheins verankert blieb. Aber wenn politische Mythen als mentale Waffen Katalysatoren f\u00fcr Konflikte sein k\u00f6nnen, so k\u00f6nnen sie auch dazu beitragen &#8211; wie die deutsch-franz\u00f6sischen Beziehungen nach 1945 zeigen -, aus ehemaligen Feinden \u00abErbfreunde\u00bb werden zu lassen. Dieser Band untersucht Perzeptionen, Konstruktionen von Stereotypen, politischen Inszenierungen, aber auch Tabus und bisweilen die R\u00fcckkehr von bereits \u00fcberwunden geglaubten Repr\u00e4sentationen.<\/span><br \/>\n<span style=\"font-family: Calibri; font-size: small;\"><br style=\"font-family: Calibri; font-size: small;\" \/><br \/>\n<\/span><\/p>\n<div class=\"wp-socializer wpsr-share-icons\" data-lg-action=\"show\" data-sm-action=\"show\" data-sm-width=\"768\"><div class=\"wpsr-si-inner\"><div class=\"socializer sr-popup sr-32px sr-squircle sr-opacity sr-pad\"><span class=\"sr-facebook\"><a data-id=\"facebook\" style=\"color:#ffffff;\" rel=\"nofollow\" href=\"https:\/\/www.facebook.com\/share.php?u=\" target=\"_blank\" title=\"Share this on Facebook\"><i class=\"fab fa-facebook-f\"><\/i><\/a><\/span>\n<span class=\"sr-twitter\"><a data-id=\"twitter\" style=\"color:#ffffff;\" rel=\"nofollow\" href=\"https:\/\/twitter.com\/intent\/tweet?text=%20-%20%20\" target=\"_blank\" title=\"Tweet this !\"><i class=\"fab fa-twitter\"><\/i><\/a><\/span>\n<span class=\"sr-linkedin\"><a data-id=\"linkedin\" style=\"color:#ffffff;\" rel=\"nofollow\" href=\"https:\/\/www.linkedin.com\/sharing\/share-offsite\/?url=\" target=\"_blank\" title=\"Add this to LinkedIn\"><i class=\"fab fa-linkedin-in\"><\/i><\/a><\/span>\n<span class=\"sr-pdf\"><a data-id=\"pdf\" style=\"color:#ffffff;\" rel=\"nofollow\" href=\"https:\/\/www.printfriendly.com\/print?url=\" target=\"_blank\" title=\"Convert to PDF\"><i class=\"fa fa-file-pdf\"><\/i><\/a><\/span>\n<span class=\"sr-share-menu\"><a href=\"#\" target=\"_blank\" title=\"More share links\" style=\"color:#ffffff;\" data-metadata=\"{&quot;url&quot;:&quot;&quot;,&quot;title&quot;:&quot;&quot;,&quot;excerpt&quot;:&quot;&quot;,&quot;image&quot;:&quot;&quot;,&quot;short-url&quot;:&quot;&quot;,&quot;rss-url&quot;:&quot;http:\\\/\\\/www.historikerkomitee.de\\\/?feed=rss2&quot;,&quot;comments-section&quot;:&quot;comments&quot;,&quot;raw-url&quot;:null,&quot;twitter-username&quot;:&quot;&quot;,&quot;fb-app-id&quot;:&quot;&quot;,&quot;fb-app-secret&quot;:&quot;&quot;}\"><i class=\"fa fa-plus\"><\/i><\/a><\/span><\/div><\/div><\/div>","protected":false},"excerpt":{"rendered":"<p>Nouvelle parution : Ulrich Pfeil (Hg.), Mythes et tabous des relations franco-allemandes au XXe si\u00e8cle (Convergences, Bd. 65), Bern u.a. Peter Lang, 2012. Depuis la fin du XVIIIe si\u00e8cle, la France et l&rsquo;Allemagne se sont retrouv\u00e9es face \u00e0 face, oppos\u00e9es l&rsquo;une \u00e0 l&rsquo;autre selon un sch\u00e9ma qui s&rsquo;est constamment nourri de symboles et de r\u00e9cits &hellip; <a href=\"http:\/\/www.historikerkomitee.de\/?p=1227\" class=\"more-link\">Continuer la lecture de <span class=\"screen-reader-text\">Mythes et tabous \/ Mythen und Tabus<\/span>  <span class=\"meta-nav\">&rarr;<\/span><\/a><\/p>\n","protected":false},"author":1,"featured_media":0,"comment_status":"closed","ping_status":"closed","sticky":false,"template":"","format":"standard","meta":[],"categories":[17],"tags":[24],"acf":[],"_links":{"self":[{"href":"http:\/\/www.historikerkomitee.de\/index.php?rest_route=\/wp\/v2\/posts\/1227"}],"collection":[{"href":"http:\/\/www.historikerkomitee.de\/index.php?rest_route=\/wp\/v2\/posts"}],"about":[{"href":"http:\/\/www.historikerkomitee.de\/index.php?rest_route=\/wp\/v2\/types\/post"}],"author":[{"embeddable":true,"href":"http:\/\/www.historikerkomitee.de\/index.php?rest_route=\/wp\/v2\/users\/1"}],"replies":[{"embeddable":true,"href":"http:\/\/www.historikerkomitee.de\/index.php?rest_route=%2Fwp%2Fv2%2Fcomments&post=1227"}],"version-history":[{"count":6,"href":"http:\/\/www.historikerkomitee.de\/index.php?rest_route=\/wp\/v2\/posts\/1227\/revisions"}],"predecessor-version":[{"id":1406,"href":"http:\/\/www.historikerkomitee.de\/index.php?rest_route=\/wp\/v2\/posts\/1227\/revisions\/1406"}],"wp:attachment":[{"href":"http:\/\/www.historikerkomitee.de\/index.php?rest_route=%2Fwp%2Fv2%2Fmedia&parent=1227"}],"wp:term":[{"taxonomy":"category","embeddable":true,"href":"http:\/\/www.historikerkomitee.de\/index.php?rest_route=%2Fwp%2Fv2%2Fcategories&post=1227"},{"taxonomy":"post_tag","embeddable":true,"href":"http:\/\/www.historikerkomitee.de\/index.php?rest_route=%2Fwp%2Fv2%2Ftags&post=1227"}],"curies":[{"name":"wp","href":"https:\/\/api.w.org\/{rel}","templated":true}]}}