{"id":1365,"date":"2011-12-20T23:18:29","date_gmt":"2011-12-20T22:18:29","guid":{"rendered":"http:\/\/www.historikerkomitee.de\/?p=1365"},"modified":"2012-03-25T14:46:56","modified_gmt":"2012-03-25T13:46:56","slug":"la-republique-democratique-allemande-histoire-dun-etat-raye-de-la-carte-du-monde","status":"publish","type":"post","link":"http:\/\/www.historikerkomitee.de\/?p=1365","title":{"rendered":"La R\u00e9publique d\u00e9mocratique allemande. Histoire d\u2019un \u00c9tat ray\u00e9 de la carte du monde"},"content":{"rendered":"<p><em>Une nouvelle publication d&rsquo;un membre du Comit\u00e9<\/em><\/p>\n<p style=\"text-align: justify;\">Apr\u00e8s la table-ronde organis\u00e9e par le Comit\u00e9 <strong>mercredi 30 novembre<\/strong> pour comm\u00e9morer le 50e anniversaire de la construction du mur de Berlin (La France et la construction du Mur de Berlin) &#8211; dont vous trouverez ici<a href=\"http:\/\/www.historikerkomitee.de\/?page_id=986\" target=\"_self\"><strong> un court reportage photos<\/strong><\/a>, l&rsquo;ouvrage de Chantal Metzger s&rsquo;inscrit \u00e9galement dans cette comm\u00e9moration et pr\u00e9sente le bilan de cet Etat n\u00e9 de la Guerre froide et disparu depuis la fin de celle-ci. <strong> <\/strong><\/p>\n<p style=\"text-align: justify;\"><strong><a href=\"http:\/\/www.historikerkomitee.de\/wordpress\/wp-content\/uploads\/FlyerMetzger.jpg\"><img loading=\"lazy\" class=\"alignleft\" style=\"margin: 10px;\" title=\"FlyerMetzger\" src=\"http:\/\/www.historikerkomitee.de\/wordpress\/wp-content\/uploads\/FlyerMetzger-203x300.jpg\" height=\"300\" width=\"203\" \/><\/a><br \/>\n<\/strong><\/p>\n<h4 style=\"text-align: justify;\"><strong><span style=\"color: #800000;\">Chantal Metzger,<\/span> <em><span style=\"color: #800000;\">La R\u00e9publique d\u00e9mocratique allemande. Histoire d\u2019un \u00c9tat ray\u00e9 de la carte du monde<\/span>, <\/em><br \/>\nBruxelles, Bern, Berlin, Peter Lang, 384 p., 2012.<\/strong><\/h4>\n<p style=\"text-align: justify;\">La R\u00e9publique d\u00e9mocratique allemande n\u2019a eu qu\u2019une br\u00e8ve existence de 1949 \u00e0 1990. Ces 41 ann\u00e9es permettent aux historiens d\u2019\u00e9tudier d\u2019un seul tenant la naissance, la vie et la mort d\u2019un \u00c9tat.<\/p>\n<p style=\"text-align: justify;\">Cr\u00e9\u00e9e le 7 octobre 1949, la RDA est la r\u00e9ponse de l\u2019Union sovi\u00e9tique \u00e0 la cr\u00e9ation de la R\u00e9publique f\u00e9d\u00e9rale par les Occidentaux, en mai de la m\u00eame ann\u00e9e. Consid\u00e9r\u00e9 comme la vitrine du socialisme, voire m\u00eame comme la 12\u00b8 puissance \u00e9conomique mondiale, ce pays \u00e9tait en fait min\u00e9 de l\u2019int\u00e9rieur par un r\u00e9gime rigide qui n\u2019a pas su s\u2019adapter \u00e0 l\u2019\u00e9volution qui se produisait dans les pays voisins du bloc sovi\u00e9tique. Sa population, lasse de la duret\u00e9 du r\u00e9gime, du manque de libert\u00e9 et des difficult\u00e9s quotidiennes, s\u2019est finalement r\u00e9volt\u00e9e. L\u2019ouverture du mur, le 9 novembre 1989, marque la fin de la Guerre froide qui avait pr\u00e9sid\u00e9 \u00e0 la naissance de cet \u00c9tat. L\u2019\u00c9tat-SED \u00e9tait au bord de la faillite, il \u00e9tait impossible de le redresser. Le peuple est-allemand a voulu, dans sa majorit\u00e9, la r\u00e9unification et la RDA a ainsi \u00e9t\u00e9 ray\u00e9e mat\u00e9riellement de la carte du monde.<\/p>\n<p style=\"text-align: justify;\">Cet ouvrage tient compte des recherches les plus r\u00e9centes en histoire. Elles ont \u00e9t\u00e9 rendues possibles gr\u00e2ce \u00e0 l\u2019ouverture rapide des archives allemandes, de celles des pays du bloc sovi\u00e9tique et de celles des pays occidentaux impliqu\u00e9s dans l\u2019histoire de l\u2019Allemagne.<\/p>\n<p style=\"text-align: justify;\"><strong>Chantal Metzger <\/strong>est professeur d\u2019histoire contemporaine \u00e0 l\u2019Universit\u00e9 de Nancy. Ses travaux portent sur les relations franco-allemandes au XX\u00b8 si\u00e8cle, les relations entre l\u2019Allemagne, les Allemagnes et l\u2019Afrique au XX\u00b8 si\u00e8cle. Elle a notamment publi\u00e9 chez PIE Peter Lang <em>L\u2019Empire colonial fran\u00e7ais dans la strat\u00e9gie du Troisi\u00e8me Reich 1936-1945<\/em> (prix Jean-Baptiste Duroselle), et <em>La R\u00e9publique d\u00e9mocratique allemande : La vitrine du socialisme et l\u2019envers du miroir<\/em>.<\/p>\n<h4 style=\"text-align: justify;\"><strong>Ce livre sort en d\u00e9cembre.<\/strong> Vous pouvez d&rsquo;ores et d\u00e9j\u00e0 le faire commander par vos biblioth\u00e8ques universitaires \u00e0 l&rsquo;aide du <strong><a href=\"http:\/\/www.historikerkomitee.de\/wordpress\/wp-content\/uploads\/FlyerMetzger_S.pdf\" target=\"_blank\">bon de commande ci-joint<\/a>. <\/strong><\/h4>\n<div class=\"wp-socializer wpsr-share-icons\" data-lg-action=\"show\" data-sm-action=\"show\" data-sm-width=\"768\"><div class=\"wpsr-si-inner\"><div class=\"socializer sr-popup sr-32px sr-squircle sr-opacity sr-pad\"><span class=\"sr-facebook\"><a data-id=\"facebook\" style=\"color:#ffffff;\" rel=\"nofollow\" href=\"https:\/\/www.facebook.com\/share.php?u=\" target=\"_blank\" title=\"Share this on Facebook\"><i class=\"fab fa-facebook-f\"><\/i><\/a><\/span>\n<span class=\"sr-twitter\"><a data-id=\"twitter\" style=\"color:#ffffff;\" rel=\"nofollow\" href=\"https:\/\/twitter.com\/intent\/tweet?text=%20-%20%20\" target=\"_blank\" title=\"Tweet this !\"><i class=\"fab fa-twitter\"><\/i><\/a><\/span>\n<span class=\"sr-linkedin\"><a data-id=\"linkedin\" style=\"color:#ffffff;\" rel=\"nofollow\" href=\"https:\/\/www.linkedin.com\/sharing\/share-offsite\/?url=\" target=\"_blank\" title=\"Add this to LinkedIn\"><i class=\"fab fa-linkedin-in\"><\/i><\/a><\/span>\n<span class=\"sr-pdf\"><a data-id=\"pdf\" style=\"color:#ffffff;\" rel=\"nofollow\" href=\"https:\/\/www.printfriendly.com\/print?url=\" target=\"_blank\" title=\"Convert to PDF\"><i class=\"fa fa-file-pdf\"><\/i><\/a><\/span>\n<span class=\"sr-share-menu\"><a href=\"#\" target=\"_blank\" title=\"More share links\" style=\"color:#ffffff;\" data-metadata=\"{&quot;url&quot;:&quot;&quot;,&quot;title&quot;:&quot;&quot;,&quot;excerpt&quot;:&quot;&quot;,&quot;image&quot;:&quot;&quot;,&quot;short-url&quot;:&quot;&quot;,&quot;rss-url&quot;:&quot;http:\\\/\\\/www.historikerkomitee.de\\\/?feed=rss2&quot;,&quot;comments-section&quot;:&quot;comments&quot;,&quot;raw-url&quot;:null,&quot;twitter-username&quot;:&quot;&quot;,&quot;fb-app-id&quot;:&quot;&quot;,&quot;fb-app-secret&quot;:&quot;&quot;}\"><i class=\"fa fa-plus\"><\/i><\/a><\/span><\/div><\/div><\/div>","protected":false},"excerpt":{"rendered":"<p>Une nouvelle publication d&rsquo;un membre du Comit\u00e9 Apr\u00e8s la table-ronde organis\u00e9e par le Comit\u00e9 mercredi 30 novembre pour comm\u00e9morer le 50e anniversaire de la construction du mur de Berlin (La France et la construction du Mur de Berlin) &#8211; dont vous trouverez ici un court reportage photos, l&rsquo;ouvrage de Chantal Metzger s&rsquo;inscrit \u00e9galement dans cette &hellip; <a href=\"http:\/\/www.historikerkomitee.de\/?p=1365\" class=\"more-link\">Continuer la lecture de <span class=\"screen-reader-text\">La R\u00e9publique d\u00e9mocratique allemande. Histoire d\u2019un \u00c9tat ray\u00e9 de la carte du monde<\/span>  <span class=\"meta-nav\">&rarr;<\/span><\/a><\/p>\n","protected":false},"author":1,"featured_media":0,"comment_status":"closed","ping_status":"closed","sticky":false,"template":"","format":"standard","meta":[],"categories":[17],"tags":[30],"acf":[],"_links":{"self":[{"href":"http:\/\/www.historikerkomitee.de\/index.php?rest_route=\/wp\/v2\/posts\/1365"}],"collection":[{"href":"http:\/\/www.historikerkomitee.de\/index.php?rest_route=\/wp\/v2\/posts"}],"about":[{"href":"http:\/\/www.historikerkomitee.de\/index.php?rest_route=\/wp\/v2\/types\/post"}],"author":[{"embeddable":true,"href":"http:\/\/www.historikerkomitee.de\/index.php?rest_route=\/wp\/v2\/users\/1"}],"replies":[{"embeddable":true,"href":"http:\/\/www.historikerkomitee.de\/index.php?rest_route=%2Fwp%2Fv2%2Fcomments&post=1365"}],"version-history":[{"count":6,"href":"http:\/\/www.historikerkomitee.de\/index.php?rest_route=\/wp\/v2\/posts\/1365\/revisions"}],"predecessor-version":[{"id":1416,"href":"http:\/\/www.historikerkomitee.de\/index.php?rest_route=\/wp\/v2\/posts\/1365\/revisions\/1416"}],"wp:attachment":[{"href":"http:\/\/www.historikerkomitee.de\/index.php?rest_route=%2Fwp%2Fv2%2Fmedia&parent=1365"}],"wp:term":[{"taxonomy":"category","embeddable":true,"href":"http:\/\/www.historikerkomitee.de\/index.php?rest_route=%2Fwp%2Fv2%2Fcategories&post=1365"},{"taxonomy":"post_tag","embeddable":true,"href":"http:\/\/www.historikerkomitee.de\/index.php?rest_route=%2Fwp%2Fv2%2Ftags&post=1365"}],"curies":[{"name":"wp","href":"https:\/\/api.w.org\/{rel}","templated":true}]}}