{"id":1627,"date":"2012-05-07T10:57:08","date_gmt":"2012-05-07T08:57:08","guid":{"rendered":"http:\/\/www.historikerkomitee.de\/?p=1627"},"modified":"2012-06-20T10:53:16","modified_gmt":"2012-06-20T08:53:16","slug":"guerre-et-exterminations-a-lest-krieg-und-vernichtungskrieg-im-osten","status":"publish","type":"post","link":"http:\/\/www.historikerkomitee.de\/?p=1627","title":{"rendered":"Guerre et exterminations \u00e0 l&rsquo;Est \/Krieg und Vernichtungskrieg im Osten"},"content":{"rendered":"<p>Le professeur Christian Baechler vous informe de la publication de son dernier ouvrage :<br \/>\n<span style=\"color: #000080;\">Professor Christian Baechler informiert Sie \u00fcber die Ver\u00f6ffentlichung seines neuesten Werkes:<\/span><\/p>\n<h4 style=\"padding-left: 60px;\">Christian Baechler,\u00a0<em>Guerre et exterminations \u00e0 l&rsquo;Est. Hitler et la conqu\u00eate de l&rsquo;espace vital 1933-1945<\/em>,<br \/>\nParis, Tallandier, 2012, 600 p. &#8211; ISBN : 978-2-84734-906-1<\/h4>\n<p style=\"text-align: justify;\"><a href=\"http:\/\/www.historikerkomitee.de\/wordpress\/wp-content\/uploads\/couv-Baechler2012.jpg\"><img loading=\"lazy\" style=\"margin: 10px;\" src=\"http:\/\/www.historikerkomitee.de\/wordpress\/wp-content\/uploads\/couv-Baechler2012-213x300.jpg\" title=\"couv-Baechler2012\" class=\"alignright size-medium wp-image-1632\" width=\"213\" height=\"300\" srcset=\"http:\/\/www.historikerkomitee.de\/wordpress\/wp-content\/uploads\/couv-Baechler2012-213x300.jpg 213w, http:\/\/www.historikerkomitee.de\/wordpress\/wp-content\/uploads\/couv-Baechler2012-106x150.jpg 106w, http:\/\/www.historikerkomitee.de\/wordpress\/wp-content\/uploads\/couv-Baechler2012.jpg 228w\" sizes=\"(max-width: 213px) 100vw, 213px\" \/><\/a>L\u2019op\u00e9ration Barbarossa de juin 1941 est non seulement un moment essentiel de la Seconde Guerre mondiale, elle est aussi un \u00e9l\u00e9ment central de l\u2019id\u00e9ologie hitl\u00e9rienne et de la politique du Troisi\u00e8me Reich. De <i>Mein Kampf<\/i> au <i>Testament politique<\/i>, en passant par le <i>Second livre<\/i>, Hitler affirme la n\u00e9cessit\u00e9 de conqu\u00e9rir l\u2019espace vital \u00e0 l\u2019Est pour donner une base solide au Reich mill\u00e9naire. La politique de restructuration de la population \u2014\u00a0classement, transfert, extermination\u2014, commenc\u00e9e d\u00e8s 1939 dans les territoires polonais incorpor\u00e9s au Reich et poursuivie dans les territoires conquis sur l\u2019URSS \u00e0 partir de 1941, est un d\u00e9but de concr\u00e9tisation de l\u2019utopie hitl\u00e9rienne, de l\u2019\u00e9laboration d\u2019un mod\u00e8le de soci\u00e9t\u00e9, une soci\u00e9t\u00e9 in\u00e9gale, selon les \u00ab\u00a0lois de la nature\u00a0\u00bb, domin\u00e9e par la race sup\u00e9rieure, o\u00f9 l\u2019individu n\u2019existe qu\u2019en fonction de la communaut\u00e9 nationale et de ses fins. La \u00ab\u00a0solution de la question juive\u00a0\u00bb, obsession de Hitler et d\u2019une partie de son entourage, fait partie int\u00e9grante du programme de restructuration raciale du fait m\u00eame de la place de l\u2019\u00ab\u00a0antirace\u00a0\u00bb dans l\u2019id\u00e9ologie. La guerre \u00e0 l\u2019Est n\u2019est pas une guerre \u00ab\u00a0ordinaire\u00a0\u00bb, c\u2019est la guerre pour la r\u00e9alisation de l\u2019utopie avec pour cons\u00e9quence l\u2019exaltation de la barbarie guerri\u00e8re. En s\u2019appuyant sur les recherches les plus r\u00e9centes, qui ont montr\u00e9 que les chefs militaires ont tr\u00e8s largement adh\u00e9r\u00e9 au concept de la croisade contre le \u00ab\u00a0jud\u00e9o-bolchevisme\u00a0\u00bb et de la guerre d\u2019an\u00e9antissement \u00e0 l\u2019Est, l\u2019auteur pr\u00e9cise la part de la <i>Wehrmacht<\/i> dans les crimes et s\u2019interroge sur les responsabilit\u00e9s des Allemands en g\u00e9n\u00e9ral.<\/p>\n<p style=\"text-align: justify;\"><span style=\"color: #333399;\">Das Unternehmen<i> <\/i>Barbarossa im Juni 1941 ist nicht nur ein Hauptmoment des 2. Weltkrieges, es spielt auch eine zentrale Rolle in der hitlerischen Ideologie und in der Politik des III. Reiches. Von <i>Mein Kampf<\/i> bis zum <i>Politischen Testament<\/i> wie auch im <i>Zweiten Buch<\/i>, bekr\u00e4ftigt Hitler, wie unumg\u00e4nglich die Eroberung des Lebensraums im Osten sei, um dem \u201cTausendj\u00e4hrigen Reich\u201d eine feste Basis zu gew\u00e4hren.\u00a0 Mit den seit 1939 eingegliederten\u00a0 polnischen Gebieten und den ab 1941 in den der UdSSR abgewonnenen Territorien forgesetzten bev\u00f6lkerungspolitischen Umstrukturierungen \u2014 Aussortierung, Vertreibung, Vernichtung \u2014, beginnt die Konkretisierung der hitlerischen Utopie : Ein auf Ungleichheit beruhendes, den \u201cNaturgesetzen\u201d unterworfenes, von der \u201cHerrenrasse\u201d beherrschtes Gesellschaftsmuster,\u00a0 in dem das Individuum au\u00dferhalb der Volksgemeinschaft und deren Ziele keine Lebensberechtigung besitzt. Aufgrund des Stellenwertes, den die \u201cAnti-Rasse\u201d in der Ideologie einnimmt,\u00a0 ist die \u201cL\u00f6sung der Judenfrage\u201d, auf die Hitler und Teile seiner Gefolgschaft fixiert waren, ein integrierter Bestandteil des eine rassistische Hierarchie anstrebenden Programms.\u00a0 Der Feldzug im Osten ist kein \u201cnormaler\u201d Feldzug, es geht um die Verwirklichung der Utopie mit der Folge, dass die Barbarei verherrlicht wird. Unter Ber\u00fccksichtigung der neuesten Forschungsarbeiten, denen zufolge das hohe Milit\u00e4r weitgehend den Plan sowohl des Kreuzzuges gegen den \u201cj\u00fcdischen Bolschewismus\u201d als auch des Vernichtungskrieges im Osten bejahte, arbeitet der Autor den Anteil der Wehrmacht an den Verbrechen heraus und geht der Frage der Verantwortung der Deutschen nach.<\/span><\/p>\n<p style=\"text-align: justify;\"><strong>Christian Baechler<\/strong>, professeur \u00e9m\u00e9rite d\u2019histoire de l\u2019Allemagne \u00e0 l\u2019universit\u00e9 de Strasbourg, est l\u2019auteur d\u2019une \u0153uvre abondante. Citons, en dernier lieu, <em>Guillaume II<\/em> (2003) et <em>L\u2019Allemagne de Weimar<\/em> (2007).<\/p>\n<div class=\"wp-socializer wpsr-share-icons\" data-lg-action=\"show\" data-sm-action=\"show\" data-sm-width=\"768\"><div class=\"wpsr-si-inner\"><div class=\"socializer sr-popup sr-32px sr-squircle sr-opacity sr-pad\"><span class=\"sr-facebook\"><a data-id=\"facebook\" style=\"color:#ffffff;\" rel=\"nofollow\" href=\"https:\/\/www.facebook.com\/share.php?u=\" target=\"_blank\" title=\"Share this on Facebook\"><i class=\"fab fa-facebook-f\"><\/i><\/a><\/span>\n<span class=\"sr-twitter\"><a data-id=\"twitter\" style=\"color:#ffffff;\" rel=\"nofollow\" href=\"https:\/\/twitter.com\/intent\/tweet?text=%20-%20%20\" target=\"_blank\" title=\"Tweet this !\"><i class=\"fab fa-twitter\"><\/i><\/a><\/span>\n<span class=\"sr-linkedin\"><a data-id=\"linkedin\" style=\"color:#ffffff;\" rel=\"nofollow\" href=\"https:\/\/www.linkedin.com\/sharing\/share-offsite\/?url=\" target=\"_blank\" title=\"Add this to LinkedIn\"><i class=\"fab fa-linkedin-in\"><\/i><\/a><\/span>\n<span class=\"sr-pdf\"><a data-id=\"pdf\" style=\"color:#ffffff;\" rel=\"nofollow\" href=\"https:\/\/www.printfriendly.com\/print?url=\" target=\"_blank\" title=\"Convert to PDF\"><i class=\"fa fa-file-pdf\"><\/i><\/a><\/span>\n<span class=\"sr-share-menu\"><a href=\"#\" target=\"_blank\" title=\"More share links\" style=\"color:#ffffff;\" data-metadata=\"{&quot;url&quot;:&quot;&quot;,&quot;title&quot;:&quot;&quot;,&quot;excerpt&quot;:&quot;&quot;,&quot;image&quot;:&quot;&quot;,&quot;short-url&quot;:&quot;&quot;,&quot;rss-url&quot;:&quot;http:\\\/\\\/www.historikerkomitee.de\\\/?feed=rss2&quot;,&quot;comments-section&quot;:&quot;comments&quot;,&quot;raw-url&quot;:null,&quot;twitter-username&quot;:&quot;&quot;,&quot;fb-app-id&quot;:&quot;&quot;,&quot;fb-app-secret&quot;:&quot;&quot;}\"><i class=\"fa fa-plus\"><\/i><\/a><\/span><\/div><\/div><\/div>","protected":false},"excerpt":{"rendered":"<p>Le professeur Christian Baechler vous informe de la publication de son dernier ouvrage : Professor Christian Baechler informiert Sie \u00fcber die Ver\u00f6ffentlichung seines neuesten Werkes: Christian Baechler,\u00a0Guerre et exterminations \u00e0 l&rsquo;Est. Hitler et la conqu\u00eate de l&rsquo;espace vital 1933-1945, Paris, Tallandier, 2012, 600 p. &#8211; ISBN : 978-2-84734-906-1 L\u2019op\u00e9ration Barbarossa de juin 1941 est non &hellip; <a href=\"http:\/\/www.historikerkomitee.de\/?p=1627\" class=\"more-link\">Continuer la lecture de <span class=\"screen-reader-text\">Guerre et exterminations \u00e0 l&rsquo;Est \/Krieg und Vernichtungskrieg im Osten<\/span>  <span class=\"meta-nav\">&rarr;<\/span><\/a><\/p>\n","protected":false},"author":1,"featured_media":0,"comment_status":"closed","ping_status":"closed","sticky":false,"template":"","format":"standard","meta":[],"categories":[17],"tags":[26],"acf":[],"_links":{"self":[{"href":"http:\/\/www.historikerkomitee.de\/index.php?rest_route=\/wp\/v2\/posts\/1627"}],"collection":[{"href":"http:\/\/www.historikerkomitee.de\/index.php?rest_route=\/wp\/v2\/posts"}],"about":[{"href":"http:\/\/www.historikerkomitee.de\/index.php?rest_route=\/wp\/v2\/types\/post"}],"author":[{"embeddable":true,"href":"http:\/\/www.historikerkomitee.de\/index.php?rest_route=\/wp\/v2\/users\/1"}],"replies":[{"embeddable":true,"href":"http:\/\/www.historikerkomitee.de\/index.php?rest_route=%2Fwp%2Fv2%2Fcomments&post=1627"}],"version-history":[{"count":10,"href":"http:\/\/www.historikerkomitee.de\/index.php?rest_route=\/wp\/v2\/posts\/1627\/revisions"}],"predecessor-version":[{"id":1725,"href":"http:\/\/www.historikerkomitee.de\/index.php?rest_route=\/wp\/v2\/posts\/1627\/revisions\/1725"}],"wp:attachment":[{"href":"http:\/\/www.historikerkomitee.de\/index.php?rest_route=%2Fwp%2Fv2%2Fmedia&parent=1627"}],"wp:term":[{"taxonomy":"category","embeddable":true,"href":"http:\/\/www.historikerkomitee.de\/index.php?rest_route=%2Fwp%2Fv2%2Fcategories&post=1627"},{"taxonomy":"post_tag","embeddable":true,"href":"http:\/\/www.historikerkomitee.de\/index.php?rest_route=%2Fwp%2Fv2%2Ftags&post=1627"}],"curies":[{"name":"wp","href":"https:\/\/api.w.org\/{rel}","templated":true}]}}