{"id":1786,"date":"2012-09-06T11:25:01","date_gmt":"2012-09-06T09:25:01","guid":{"rendered":"http:\/\/www.historikerkomitee.de\/?p=1786"},"modified":"2014-11-24T13:25:45","modified_gmt":"2014-11-24T11:25:45","slug":"programme-du-colloque-du-comite","status":"publish","type":"post","link":"http:\/\/www.historikerkomitee.de\/?p=1786","title":{"rendered":"Programme du Colloque du Comit\u00e9"},"content":{"rendered":"<h3 style=\"text-align: center;\"><a href=\"http:\/\/www.historikerkomitee.de\/wordpress\/wp-content\/uploads\/gewerkschaft.jpg\"><img loading=\"lazy\" src=\"http:\/\/www.historikerkomitee.de\/wordpress\/wp-content\/uploads\/gewerkschaft.jpg\" title=\"gewerkschaft\" class=\"alignleft  wp-image-1794\" height=\"256\" width=\"183\" \/><\/a><b>Syndicats et comportement ouvrier en France et en Allemagne 1890-1990<\/b><\/h3>\n<h3 style=\"text-align: center;\"><b>Gewerkschaften, Arbeiterwelt und Arbeiterkultur\u00a0 in\u00a0 Frankreich und in Deutschland von 1890 bis 1990<\/b><\/h3>\n<p>&nbsp;<\/p>\n<p align=\"center\">\u00a0Friedrich Ebert Stiftung, Hiroshimastrasse 17, 10785\u00a0\u00a0 Berlin<\/p>\n<p align=\"center\"><strong>5-6 octobre 2012 \u25025.-6. Oktober 2012<\/strong><\/p>\n<p align=\"center\"><strong><br \/>\n<\/strong><\/p>\n<h4 align=\"center\"><span style=\"color: #ff0000;\">\u00a0Vous trouverez ici<span style=\"text-decoration: underline;\"><a target=\"_blank\" href=\"http:\/\/www.historikerkomitee.de\/wordpress\/wp-content\/uploads\/prog_coll_DFHK2012.pdf\"> le programme d\u00e9taill\u00e9<\/a><\/span> en version bilingue<\/span><\/h4>\n<p style=\"text-align: left;\" align=\"center\">Organisateurs du colloque \u2502Organisatoren der Tagung<\/p>\n<p style=\"text-align: left;\" align=\"center\">\u00a0Prof. Dr. Jean-Fran\u00e7ois Eck (Universit\u00e9 Charles de Gaulle \u2013 Lille III)<br \/>\nProf. Dr. Etienne Fran\u00e7ois (Freie Universit\u00e4t Berlin)<br \/>\nProf. Dr. Dietmar H\u00fcser (Universit\u00e4t Kassel)<br \/>\nProf. Dr. Reiner Marcowitz (Universit\u00e9 de Lorraine)<br \/>\nProf. Dr. Guido Thiemeyer (Universit\u00e9 de Cergy-Pontoise)<br \/>\nProf. Dr. J\u00e9r\u00f4me Vaillant (Universit\u00e9 Charles de Gaulle &#8211; Lille III)<\/p>\n<p align=\"center\"><em>Le colloque a b\u00e9n\u00e9fici\u00e9 du soutien financier de\u2502Die Tagung wird finanziellel gef\u00f6rdert durch:<\/em><br \/>\nDeutsche Forschungsgemeinschaft (DFG)<br \/>\nDeutsch-Franz\u00f6sische Hochschule \/ Universit\u00e9 Franco-Allemande<br \/>\nFriedrich-Ebert Stiftung<br \/>\nHans-B\u00f6ckler Stiftung<\/p>\n<div class=\"wp-socializer wpsr-share-icons\" data-lg-action=\"show\" data-sm-action=\"show\" data-sm-width=\"768\"><div class=\"wpsr-si-inner\"><div class=\"socializer sr-popup sr-32px sr-squircle sr-opacity sr-pad\"><span class=\"sr-facebook\"><a data-id=\"facebook\" style=\"color:#ffffff;\" rel=\"nofollow\" href=\"https:\/\/www.facebook.com\/share.php?u=\" target=\"_blank\" title=\"Share this on Facebook\"><i class=\"fab fa-facebook-f\"><\/i><\/a><\/span>\n<span class=\"sr-twitter\"><a data-id=\"twitter\" style=\"color:#ffffff;\" rel=\"nofollow\" href=\"https:\/\/twitter.com\/intent\/tweet?text=%20-%20%20\" target=\"_blank\" title=\"Tweet this !\"><i class=\"fab fa-twitter\"><\/i><\/a><\/span>\n<span class=\"sr-linkedin\"><a data-id=\"linkedin\" style=\"color:#ffffff;\" rel=\"nofollow\" href=\"https:\/\/www.linkedin.com\/sharing\/share-offsite\/?url=\" target=\"_blank\" title=\"Add this to LinkedIn\"><i class=\"fab fa-linkedin-in\"><\/i><\/a><\/span>\n<span class=\"sr-pdf\"><a data-id=\"pdf\" style=\"color:#ffffff;\" rel=\"nofollow\" href=\"https:\/\/www.printfriendly.com\/print?url=\" target=\"_blank\" title=\"Convert to PDF\"><i class=\"fa fa-file-pdf\"><\/i><\/a><\/span>\n<span class=\"sr-share-menu\"><a href=\"#\" target=\"_blank\" title=\"More share links\" style=\"color:#ffffff;\" data-metadata=\"{&quot;url&quot;:&quot;&quot;,&quot;title&quot;:&quot;&quot;,&quot;excerpt&quot;:&quot;&quot;,&quot;image&quot;:&quot;&quot;,&quot;short-url&quot;:&quot;&quot;,&quot;rss-url&quot;:&quot;http:\\\/\\\/www.historikerkomitee.de\\\/?feed=rss2&quot;,&quot;comments-section&quot;:&quot;comments&quot;,&quot;raw-url&quot;:null,&quot;twitter-username&quot;:&quot;&quot;,&quot;fb-app-id&quot;:&quot;&quot;,&quot;fb-app-secret&quot;:&quot;&quot;}\"><i class=\"fa fa-plus\"><\/i><\/a><\/span><\/div><\/div><\/div>","protected":false},"excerpt":{"rendered":"<p>Syndicats et comportement ouvrier en France et en Allemagne 1890-1990 Gewerkschaften, Arbeiterwelt und Arbeiterkultur\u00a0 in\u00a0 Frankreich und in Deutschland von 1890 bis 1990 &nbsp; \u00a0Friedrich Ebert Stiftung, Hiroshimastrasse 17, 10785\u00a0\u00a0 Berlin 5-6 octobre 2012 \u25025.-6. Oktober 2012 \u00a0Vous trouverez ici le programme d\u00e9taill\u00e9 en version bilingue Organisateurs du colloque \u2502Organisatoren der Tagung \u00a0Prof. Dr. Jean-Fran\u00e7ois &hellip; <a href=\"http:\/\/www.historikerkomitee.de\/?p=1786\" class=\"more-link\">Continuer la lecture de <span class=\"screen-reader-text\">Programme du Colloque du Comit\u00e9<\/span>  <span class=\"meta-nav\">&rarr;<\/span><\/a><\/p>\n","protected":false},"author":1,"featured_media":0,"comment_status":"closed","ping_status":"closed","sticky":false,"template":"","format":"standard","meta":[],"categories":[38,62],"tags":[],"acf":[],"_links":{"self":[{"href":"http:\/\/www.historikerkomitee.de\/index.php?rest_route=\/wp\/v2\/posts\/1786"}],"collection":[{"href":"http:\/\/www.historikerkomitee.de\/index.php?rest_route=\/wp\/v2\/posts"}],"about":[{"href":"http:\/\/www.historikerkomitee.de\/index.php?rest_route=\/wp\/v2\/types\/post"}],"author":[{"embeddable":true,"href":"http:\/\/www.historikerkomitee.de\/index.php?rest_route=\/wp\/v2\/users\/1"}],"replies":[{"embeddable":true,"href":"http:\/\/www.historikerkomitee.de\/index.php?rest_route=%2Fwp%2Fv2%2Fcomments&post=1786"}],"version-history":[{"count":10,"href":"http:\/\/www.historikerkomitee.de\/index.php?rest_route=\/wp\/v2\/posts\/1786\/revisions"}],"predecessor-version":[{"id":1789,"href":"http:\/\/www.historikerkomitee.de\/index.php?rest_route=\/wp\/v2\/posts\/1786\/revisions\/1789"}],"wp:attachment":[{"href":"http:\/\/www.historikerkomitee.de\/index.php?rest_route=%2Fwp%2Fv2%2Fmedia&parent=1786"}],"wp:term":[{"taxonomy":"category","embeddable":true,"href":"http:\/\/www.historikerkomitee.de\/index.php?rest_route=%2Fwp%2Fv2%2Fcategories&post=1786"},{"taxonomy":"post_tag","embeddable":true,"href":"http:\/\/www.historikerkomitee.de\/index.php?rest_route=%2Fwp%2Fv2%2Ftags&post=1786"}],"curies":[{"name":"wp","href":"https:\/\/api.w.org\/{rel}","templated":true}]}}