{"id":1915,"date":"2012-11-02T10:00:29","date_gmt":"2012-11-02T08:00:29","guid":{"rendered":"http:\/\/www.historikerkomitee.de\/?p=1915"},"modified":"2014-11-24T13:24:51","modified_gmt":"2014-11-24T11:24:51","slug":"nouvelle-publication-du-cifraqs","status":"publish","type":"post","link":"http:\/\/www.historikerkomitee.de\/?p=1915","title":{"rendered":"Nouvelle publication du CIFRAQS"},"content":{"rendered":"<p>La collection CIFRAQS (Centre interdisciplinaire de recherches franco-canadiennes et franco-am\u00e9ricaines &#8211; Qu\u00e9bec\/ Saxe de l\u2019Universit\u00e9 de Dresde, Allemagne: www.frankophonie.de),<br \/>\ndirig\u00e9e par <strong>Ingo Kolboom<\/strong>, vient de publier son huiti\u00e8me volume:<\/p>\n<h4>Boris Vormann: Zwischen Alter und Neuer Welt. Nationenbildung im transatlantischen Raum. Avec une pr\u00e9face d\u2019Ingo Kolboom.<\/h4>\n<p>SYNCHRON Wissenschaftsverlag der Autoren Synchron Publishers, Heidelberg 2012, 218 pages, \u20ac 28,00 \u2022 ISBN 978-3-939381-47-1<\/p>\n<p style=\"text-align: justify;\"><a href=\"http:\/\/www.historikerkomitee.de\/?attachment_id=1916\" rel=\"attachment wp-att-1916\"><img loading=\"lazy\" style=\"margin: 10px;\" src=\"http:\/\/www.historikerkomitee.de\/wordpress\/wp-content\/uploads\/vormann_titel-198x300.jpg\" title=\"VORMANNcov120925ndd.indd\" class=\"alignright size-medium wp-image-1916\" height=\"300\" width=\"198\" \/><\/a><span style=\"color: #000080;\">Le pr\u00e9sent ouvrage, en langue allemande, compare syst\u00e9matiquement la formation des nations dans l\u2019Ancien et le Nouveau Monde en utilisant comme exemple l\u2019\u00e9mergence de la France et de l\u2019Angleterre, ainsi que celle des \u00c9tats-Unis et du Canada en tant que nations modernes. La particularit\u00e9 de cet ouvrage provient d\u2019une combinaison de diff\u00e9rentes explications sur l\u2019\u00e9tude du nationalisme et d\u2019autres perspectives permettant de chercher \u00e0 comprendre ces diff\u00e9rentes dynamiques. Les cat\u00e9gories d\u2019analyse qui sont utilis\u00e9es \u2013 <em>Commerce &amp; Pouvoir \u00c9tatique ; Communication &amp; Technologie ; Soci\u00e9t\u00e9 &amp; M\u00e9moire<\/em> \u2013 regroupent et prennent en compte des perspectives disciplinaires qui ont tendance \u00e0 s\u2019exclure. L\u2019auteur\u00a0 d\u00e9montre que contrairement \u00e0 ceux qui pr\u00e9tendent que l\u2019id\u00e9e de la nation moderne est n\u00e9e en Europe et ceux qui affirment qu\u2019elle provienne du \u2039Nouveau Monde\u203a, que, en fait, cette id\u00e9e de nation prend racine entre l\u2019Europe et l\u2019Am\u00e9rique. Centr\u00e9 plus particuli\u00e8rement sur le 18\u00e8me et 19\u00e8me si\u00e8cle, l\u2019ouvrage offre un nouveau regard sur les caract\u00e9ristiques structurelles de la formation des nations ainsi que sur les diff\u00e9rences historiques et l\u2019influence r\u00e9ciproque entre Ancien et Nouveau Monde.<\/span><\/p>\n<p style=\"text-align: justify;\">Im gegenw\u00e4rtigen Kontext fundamentaler politischer Krisen, eines aus den Fugen geratenen \u00f6konomischen Paradigmas und des ungewissen Ausgangs neuer Demokratiebewegungen wird in vielen Gesellschaften erneut an die Ideale der Nation appelliert. Die Aufl\u00f6sung der Nation und des Nationalstaats, die von einigen bereits in den 1990er Jahren beschworen wurde, scheint verschoben, das postnationale Zeitalter vertagt. Eine neue Auseinandersetzung mit dem Konzept der Nation setzt jedoch ein Verst\u00e4ndnis des im 19. Jahrhundert konsolidierten Nationalstaatensystems voraus. Was ist eine Nation? Was Nationenbildung?<br \/>\nWie sind entsprechende politische Handlungs- und Identit\u00e4tsr\u00e4ume entstanden? Wie unterscheiden sie sich? Die vorliegende Studie, die mit der Lohrmann Medaille der TU Dresden ausgezeichnet wurde, vergleicht systematisch Prozesse der Nationenbildung in der Alten und Neuen Welt am Beispiel der Entstehung der Vereinigten Staaten und Kanadas sowie der von Frankreich und England. Sie wendet sich an Vertreter unterschiedlicher wissenschaftlicher Disziplinen, etwa der Geschichts-, Politik- und Kulturwissenschaften, aber auch an ein breiteres Publikum. Mit der Fokussierung auf das 18. und 19. Jahrhundert bietet sie einen Blick sowohl auf strukturelle Merkmale der Nationenbildung als auch auf historische Gegens\u00e4tze und wechselseitige Einflussnahmen zwischen Alter und Neuer Welt.<\/p>\n<ul>\n<li><strong><a target=\"_blank\" href=\"http:\/\/www.synchron-publishers.com\/texte\/07-cifraqs\/0709vormann-i.html\">Inhaltsverzeichnis<\/a><\/strong><\/li>\n<\/ul>\n<p style=\"text-align: justify;\"><span style=\"color: #000080;\"><strong>Boris Vormann<\/strong> est chercheur associ\u00e9 \u00e0 la Chaire de Recherche du Canada en \u00c9tudes Qu\u00e9b\u00e9coises et Canadiennes (CR\u00c9QC) de l\u2019Universit\u00e9 du Qu\u00e9bec \u00e0 Montr\u00e9al (UQAM) et Visiting Fellow \u00e0 la New York University. Actuellement, il est doctorand \u00e0 l\u2019\u00e9cole doctorale du John-F.-Kennedy-Institut, Freie Universit\u00e4t Berlin.<\/span><br \/>\n<strong>Boris Vormann<\/strong> ist assoziierter Forscher an der Chaire de Recherche du Canada en \u00c9tudes Qu\u00e9b\u00e9coises et Canadiennes (CR\u00c9QC) der Universit\u00e9 du Qu\u00e9bec \u00e0 Montr\u00e9al (UQAM) und Visiting Fellow an der New York University. Zur Zeit ist er Doktorand an der Graduiertenschule des John-F.-Kennedy-Instituts f\u00fcr Nordamerikastudien der Freien Universit\u00e4t Berlin.<\/p>\n<div class=\"wp-socializer wpsr-share-icons\" data-lg-action=\"show\" data-sm-action=\"show\" data-sm-width=\"768\"><div class=\"wpsr-si-inner\"><div class=\"socializer sr-popup sr-32px sr-squircle sr-opacity sr-pad\"><span class=\"sr-facebook\"><a data-id=\"facebook\" style=\"color:#ffffff;\" rel=\"nofollow\" href=\"https:\/\/www.facebook.com\/share.php?u=\" target=\"_blank\" title=\"Share this on Facebook\"><i class=\"fab fa-facebook-f\"><\/i><\/a><\/span>\n<span class=\"sr-twitter\"><a data-id=\"twitter\" style=\"color:#ffffff;\" rel=\"nofollow\" href=\"https:\/\/twitter.com\/intent\/tweet?text=%20-%20%20\" target=\"_blank\" title=\"Tweet this !\"><i class=\"fab fa-twitter\"><\/i><\/a><\/span>\n<span class=\"sr-linkedin\"><a data-id=\"linkedin\" style=\"color:#ffffff;\" rel=\"nofollow\" href=\"https:\/\/www.linkedin.com\/sharing\/share-offsite\/?url=\" target=\"_blank\" title=\"Add this to LinkedIn\"><i class=\"fab fa-linkedin-in\"><\/i><\/a><\/span>\n<span class=\"sr-pdf\"><a data-id=\"pdf\" style=\"color:#ffffff;\" rel=\"nofollow\" href=\"https:\/\/www.printfriendly.com\/print?url=\" target=\"_blank\" title=\"Convert to PDF\"><i class=\"fa fa-file-pdf\"><\/i><\/a><\/span>\n<span class=\"sr-share-menu\"><a href=\"#\" target=\"_blank\" title=\"More share links\" style=\"color:#ffffff;\" data-metadata=\"{&quot;url&quot;:&quot;&quot;,&quot;title&quot;:&quot;&quot;,&quot;excerpt&quot;:&quot;&quot;,&quot;image&quot;:&quot;&quot;,&quot;short-url&quot;:&quot;&quot;,&quot;rss-url&quot;:&quot;http:\\\/\\\/www.historikerkomitee.de\\\/?feed=rss2&quot;,&quot;comments-section&quot;:&quot;comments&quot;,&quot;raw-url&quot;:null,&quot;twitter-username&quot;:&quot;&quot;,&quot;fb-app-id&quot;:&quot;&quot;,&quot;fb-app-secret&quot;:&quot;&quot;}\"><i class=\"fa fa-plus\"><\/i><\/a><\/span><\/div><\/div><\/div>","protected":false},"excerpt":{"rendered":"<p>La collection CIFRAQS (Centre interdisciplinaire de recherches franco-canadiennes et franco-am\u00e9ricaines &#8211; Qu\u00e9bec\/ Saxe de l\u2019Universit\u00e9 de Dresde, Allemagne: www.frankophonie.de), dirig\u00e9e par Ingo Kolboom, vient de publier son huiti\u00e8me volume: Boris Vormann: Zwischen Alter und Neuer Welt. Nationenbildung im transatlantischen Raum. Avec une pr\u00e9face d\u2019Ingo Kolboom. SYNCHRON Wissenschaftsverlag der Autoren Synchron Publishers, Heidelberg 2012, 218 pages, &hellip; <a href=\"http:\/\/www.historikerkomitee.de\/?p=1915\" class=\"more-link\">Continuer la lecture de <span class=\"screen-reader-text\">Nouvelle publication du CIFRAQS<\/span>  <span class=\"meta-nav\">&rarr;<\/span><\/a><\/p>\n","protected":false},"author":1,"featured_media":0,"comment_status":"closed","ping_status":"closed","sticky":false,"template":"","format":"standard","meta":[],"categories":[67],"tags":[52],"acf":[],"_links":{"self":[{"href":"http:\/\/www.historikerkomitee.de\/index.php?rest_route=\/wp\/v2\/posts\/1915"}],"collection":[{"href":"http:\/\/www.historikerkomitee.de\/index.php?rest_route=\/wp\/v2\/posts"}],"about":[{"href":"http:\/\/www.historikerkomitee.de\/index.php?rest_route=\/wp\/v2\/types\/post"}],"author":[{"embeddable":true,"href":"http:\/\/www.historikerkomitee.de\/index.php?rest_route=\/wp\/v2\/users\/1"}],"replies":[{"embeddable":true,"href":"http:\/\/www.historikerkomitee.de\/index.php?rest_route=%2Fwp%2Fv2%2Fcomments&post=1915"}],"version-history":[{"count":11,"href":"http:\/\/www.historikerkomitee.de\/index.php?rest_route=\/wp\/v2\/posts\/1915\/revisions"}],"predecessor-version":[{"id":1940,"href":"http:\/\/www.historikerkomitee.de\/index.php?rest_route=\/wp\/v2\/posts\/1915\/revisions\/1940"}],"wp:attachment":[{"href":"http:\/\/www.historikerkomitee.de\/index.php?rest_route=%2Fwp%2Fv2%2Fmedia&parent=1915"}],"wp:term":[{"taxonomy":"category","embeddable":true,"href":"http:\/\/www.historikerkomitee.de\/index.php?rest_route=%2Fwp%2Fv2%2Fcategories&post=1915"},{"taxonomy":"post_tag","embeddable":true,"href":"http:\/\/www.historikerkomitee.de\/index.php?rest_route=%2Fwp%2Fv2%2Ftags&post=1915"}],"curies":[{"name":"wp","href":"https:\/\/api.w.org\/{rel}","templated":true}]}}