{"id":2070,"date":"2013-03-17T12:55:55","date_gmt":"2013-03-17T10:55:55","guid":{"rendered":"http:\/\/www.historikerkomitee.de\/?p=2070"},"modified":"2013-05-13T21:51:38","modified_gmt":"2013-05-13T19:51:38","slug":"le-premier-feminisme-allemand-1848-1933","status":"publish","type":"post","link":"http:\/\/www.historikerkomitee.de\/?p=2070","title":{"rendered":"Le premier f\u00e9minisme allemand (1848-1933)"},"content":{"rendered":"<p style=\"text-align: justify;\"><em>Une nouvelle parution de nos membres:<\/em><\/p>\n<h4 style=\"text-align: justify;\"><img loading=\"lazy\" style=\"margin: 10px;\" class=\"alignleft\" src=\"http:\/\/www.ciera.fr\/ciera\/local\/cache-vignettes\/L150xH225\/arton2188-0ac8f.gif\" height=\"225\" width=\"150\" \/>Patrick Farges, Anne-Marie Saint-Gille (dir.), Le premier f\u00e9minisme allemand (1848-1933). Un mouvement social de dimension internationale, Villeneuve d\u2019Ascq, Presses Universitaires du Septentrion, 2013, ISBN\u00a0: 978-2-7574-0428-7<\/h4>\n<p style=\"text-align: justify;\">Dans les ann\u00e9es 1970, en pleine \u00ab\u00a0deuxi\u00e8me vague\u00a0\u00bb f\u00e9ministe, on a pu lire les premiers travaux allemands et fran\u00e7ais sur l\u2019histoire des mouvements de femmes en Allemagne. Les f\u00e9ministes visaient \u00e0 explorer l\u2019histoire de leur propre mouvement dans une perspective identificatrice. Malgr\u00e9 ces d\u00e9buts prometteurs, la recherche fran\u00e7aise sur les f\u00e9minismes allemands restait, \u00e0 l\u2019aube du XXe si\u00e8cle, toutefois lacunaire. Le pr\u00e9sent ouvrage s\u2019inscrit dans le renouveau historiographique qui caract\u00e9rise actuellement l\u2019histoire des femmes et du genre.<\/p>\n<p style=\"text-align: justify;\">La naissance d\u2019un mouvement de revendication des droits des femmes est l\u2019h\u00e9ritage, dans les pays de langue allemande, de la r\u00e9volution de 1848, qui a vu \u00e9merger des figures f\u00e9ministes \u00ab\u00a0pionni\u00e8res\u00a0\u00bb. La \u00ab\u00a0question de femmes\u00a0\u00bb a ensuite sans cesse \u00e9t\u00e9 reconfigur\u00e9e par les grandes id\u00e9ologies politiques traversant l\u2019\u00e9poque, \u00e0 l\u2019exemple du lib\u00e9ralisme, du nationalisme ou du socialisme. Si l\u2019historiographie s\u2019est longtemps content\u00e9e de distinguer diff\u00e9rentes \u00ab\u00a0vagues\u00a0\u00bb de f\u00e9ministes, ce volume met en avant l\u2019histoire complexe et imbriqu\u00e9e des associations et des lieux de sociabilit\u00e9s f\u00e9ministes. L\u2019accent est \u00e9galement mis sur la pr\u00e9sence de r\u00e9seaux de personnes, qui se structurent \u00e0 plusieurs niveaux\u00a0: \u00e0 l\u2019\u00e9chelle locale, nationale et internationale. Enfin, l\u2019analyse fait une large place \u00e0 l\u2019histoire crois\u00e9e et intersectionnelle des f\u00e9minismes ainsi qu\u2019aux repr\u00e9sentations, notamment genr\u00e9es, suscit\u00e9es par leur essor.<\/p>\n<p style=\"text-align: justify;\">Cette publication est issue du colloque \u00ab\u00a0<a href=\"http:\/\/www.ciera.fr\/ciera\/spip.php?article1841\" class=\"broken_link\" rel=\"nofollow\">F\u00e9minismes allemands (1848-1933)<\/a>\u00ab\u00a0, organis\u00e9 avec le soutien du CIERA. On peut le commander directement sur <a target=\"_blank\" href=\"http:\/\/www.septentrion.com\/fr\/livre\/?GCOI=27574100313540\">le site de l&rsquo;\u00e9diteur: ICI<\/a><\/p>\n<div class=\"wp-socializer wpsr-share-icons\" data-lg-action=\"show\" data-sm-action=\"show\" data-sm-width=\"768\"><div class=\"wpsr-si-inner\"><div class=\"socializer sr-popup sr-32px sr-squircle sr-opacity sr-pad\"><span class=\"sr-facebook\"><a data-id=\"facebook\" style=\"color:#ffffff;\" rel=\"nofollow\" href=\"https:\/\/www.facebook.com\/share.php?u=\" target=\"_blank\" title=\"Share this on Facebook\"><i class=\"fab fa-facebook-f\"><\/i><\/a><\/span>\n<span class=\"sr-twitter\"><a data-id=\"twitter\" style=\"color:#ffffff;\" rel=\"nofollow\" href=\"https:\/\/twitter.com\/intent\/tweet?text=%20-%20%20\" target=\"_blank\" title=\"Tweet this !\"><i class=\"fab fa-twitter\"><\/i><\/a><\/span>\n<span class=\"sr-linkedin\"><a data-id=\"linkedin\" style=\"color:#ffffff;\" rel=\"nofollow\" href=\"https:\/\/www.linkedin.com\/sharing\/share-offsite\/?url=\" target=\"_blank\" title=\"Add this to LinkedIn\"><i class=\"fab fa-linkedin-in\"><\/i><\/a><\/span>\n<span class=\"sr-pdf\"><a data-id=\"pdf\" style=\"color:#ffffff;\" rel=\"nofollow\" href=\"https:\/\/www.printfriendly.com\/print?url=\" target=\"_blank\" title=\"Convert to PDF\"><i class=\"fa fa-file-pdf\"><\/i><\/a><\/span>\n<span class=\"sr-share-menu\"><a href=\"#\" target=\"_blank\" title=\"More share links\" style=\"color:#ffffff;\" data-metadata=\"{&quot;url&quot;:&quot;&quot;,&quot;title&quot;:&quot;&quot;,&quot;excerpt&quot;:&quot;&quot;,&quot;image&quot;:&quot;&quot;,&quot;short-url&quot;:&quot;&quot;,&quot;rss-url&quot;:&quot;http:\\\/\\\/www.historikerkomitee.de\\\/?feed=rss2&quot;,&quot;comments-section&quot;:&quot;comments&quot;,&quot;raw-url&quot;:null,&quot;twitter-username&quot;:&quot;&quot;,&quot;fb-app-id&quot;:&quot;&quot;,&quot;fb-app-secret&quot;:&quot;&quot;}\"><i class=\"fa fa-plus\"><\/i><\/a><\/span><\/div><\/div><\/div>","protected":false},"excerpt":{"rendered":"<p>Une nouvelle parution de nos membres: Patrick Farges, Anne-Marie Saint-Gille (dir.), Le premier f\u00e9minisme allemand (1848-1933). Un mouvement social de dimension internationale, Villeneuve d\u2019Ascq, Presses Universitaires du Septentrion, 2013, ISBN\u00a0: 978-2-7574-0428-7 Dans les ann\u00e9es 1970, en pleine \u00ab\u00a0deuxi\u00e8me vague\u00a0\u00bb f\u00e9ministe, on a pu lire les premiers travaux allemands et fran\u00e7ais sur l\u2019histoire des mouvements de &hellip; <a href=\"http:\/\/www.historikerkomitee.de\/?p=2070\" class=\"more-link\">Continuer la lecture de <span class=\"screen-reader-text\">Le premier f\u00e9minisme allemand (1848-1933)<\/span>  <span class=\"meta-nav\">&rarr;<\/span><\/a><\/p>\n","protected":false},"author":3,"featured_media":0,"comment_status":"closed","ping_status":"closed","sticky":false,"template":"","format":"standard","meta":[],"categories":[17],"tags":[34],"acf":[],"_links":{"self":[{"href":"http:\/\/www.historikerkomitee.de\/index.php?rest_route=\/wp\/v2\/posts\/2070"}],"collection":[{"href":"http:\/\/www.historikerkomitee.de\/index.php?rest_route=\/wp\/v2\/posts"}],"about":[{"href":"http:\/\/www.historikerkomitee.de\/index.php?rest_route=\/wp\/v2\/types\/post"}],"author":[{"embeddable":true,"href":"http:\/\/www.historikerkomitee.de\/index.php?rest_route=\/wp\/v2\/users\/3"}],"replies":[{"embeddable":true,"href":"http:\/\/www.historikerkomitee.de\/index.php?rest_route=%2Fwp%2Fv2%2Fcomments&post=2070"}],"version-history":[{"count":3,"href":"http:\/\/www.historikerkomitee.de\/index.php?rest_route=\/wp\/v2\/posts\/2070\/revisions"}],"predecessor-version":[{"id":2207,"href":"http:\/\/www.historikerkomitee.de\/index.php?rest_route=\/wp\/v2\/posts\/2070\/revisions\/2207"}],"wp:attachment":[{"href":"http:\/\/www.historikerkomitee.de\/index.php?rest_route=%2Fwp%2Fv2%2Fmedia&parent=2070"}],"wp:term":[{"taxonomy":"category","embeddable":true,"href":"http:\/\/www.historikerkomitee.de\/index.php?rest_route=%2Fwp%2Fv2%2Fcategories&post=2070"},{"taxonomy":"post_tag","embeddable":true,"href":"http:\/\/www.historikerkomitee.de\/index.php?rest_route=%2Fwp%2Fv2%2Ftags&post=2070"}],"curies":[{"name":"wp","href":"https:\/\/api.w.org\/{rel}","templated":true}]}}