{"id":2090,"date":"2013-03-18T01:04:47","date_gmt":"2013-03-17T23:04:47","guid":{"rendered":"http:\/\/www.historikerkomitee.de\/?p=2090"},"modified":"2016-06-15T14:41:01","modified_gmt":"2016-06-15T12:41:01","slug":"neuerscheinung-nmt-die-nurnberger-militartribunale","status":"publish","type":"post","link":"http:\/\/www.historikerkomitee.de\/?p=2090","title":{"rendered":"Neuerscheinung: NMT. Die N\u00fcrnberger Milit\u00e4rtribunale"},"content":{"rendered":"<h3 style=\"text-align: justify;\"><img loading=\"lazy\" class=\"alignleft\" style=\"margin: 10px;\" src=\"http:\/\/francoise.berger1.free.fr\/images\/couv-Priemel-Stiller_NMT-large.jpg\" height=\"277\" width=\"180\" \/>K. Priemel, A. Stiller (Hg.),\u00a0NMT. <em>Die N\u00fcrnberger Milit\u00e4rtribunale zwischen Geschichte, Gerechtigkeit und Rechtsch\u00f6pfung<\/em>,\u00a0Hamburger Edition, 2013.<\/h3>\n<p style=\"text-align: justify;\">928 Seiten, 51 Abb. <a target=\"_blank\" href=\"http:\/\/web.archive.org\/web\/20130302100134\/http:\/\/www.his-online.de:80\/verlag\/programm\/detailseite\/publikationen\/nmt\/?sms_his_publikationen%5BbackPID%5D=1166&amp;sms_his_publikationen%5Bmedium%5D=0&amp;cHash=fbbed6aaef38114ce368f57d8d18d1f5\">\u20ac 49,00 Gebunden<\/a><br \/>\nISBN 978-3-86854-260-8\u00a0 Erschienen 2013<\/p>\n<p style=\"text-align: justify;\">Die zw\u00f6lf Verfahren vor dem N\u00fcrnberger Milit\u00e4rtribunal (NMT), in denen amerikanische Ankl\u00e4ger zwischen 1946 und 1949 die Funktionseliten aus Milit\u00e4r, B\u00fcrokratie, Partei und Wirtschaft des \u00bbDritten Reiches\u00ab vor Gericht stellten, standen lange Zeit im Schatten des ersten, sogenannten Hauptkriegsverbrecher-Prozesses. Und doch sollten die Verfahren der N\u00fcrnberger Milit\u00e4rtribunale historisch wie juristisch eine erhebliche Wirkmacht entfalten. Denn die Ermittler und Staatsanw\u00e4lte stellten sich eine hochkomplexe Aufgabe: Es sollten nicht nur die Verantwortlichen auch jenseits der unmittelbaren T\u00e4ter zur Rechenschaft gezogen und juristische Pr\u00e4zedenzf\u00e4lle geschaffen, sondern zugleich sollte eine historisch korrekte Lesart der nationalsozialistischen Herrschaft etabliert werden. Recht, Gerechtigkeit und Geschichte sollten Hand in Hand gehen. In der Umsetzung stie\u00df dieses ambitionierte Vorhaben auf zahlreiche Probleme: praktische Schwierigkeiten der Beweisf\u00fchrung, kontroverse historische Interpretationen im Gerichtssaal, die wachsende Ablehnung der Verfahren in der deutschen und US-amerikanischen \u00d6ffentlichkeit sowie der beginnende Kalte Krieg.<\/p>\n<p style=\"text-align: justify;\">Erstmals werden alle zw\u00f6lf Prozesse und ihre Protagonisten \u2013 Richter und Rechercheure, Ankl\u00e4ger und Analysten, Verteidiger und Verurteilte \u2013 umfassend untersucht sowie die historischen Kontexte und juristischen Probleme systematisch dargestellt.<\/p>\n<p style=\"text-align: justify;\"><strong><a href=\"http:\/\/www.his-online.de\/index.php?eID=trackdown&amp;uid=1784&amp;cHash=be7e3cd3fb55aa40e3ee42a0e5ec2666\" class=\"broken_link\" rel=\"nofollow\"> Inhaltsverzeichnis (PDF)<\/a><\/strong><\/p>\n<p>&nbsp;<\/p>\n<div class=\"wp-socializer wpsr-share-icons\" data-lg-action=\"show\" data-sm-action=\"show\" data-sm-width=\"768\"><div class=\"wpsr-si-inner\"><div class=\"socializer sr-popup sr-32px sr-squircle sr-opacity sr-pad\"><span class=\"sr-facebook\"><a data-id=\"facebook\" style=\"color:#ffffff;\" rel=\"nofollow\" href=\"https:\/\/www.facebook.com\/share.php?u=\" target=\"_blank\" title=\"Share this on Facebook\"><i class=\"fab fa-facebook-f\"><\/i><\/a><\/span>\n<span class=\"sr-twitter\"><a data-id=\"twitter\" style=\"color:#ffffff;\" rel=\"nofollow\" href=\"https:\/\/twitter.com\/intent\/tweet?text=%20-%20%20\" target=\"_blank\" title=\"Tweet this !\"><i class=\"fab fa-twitter\"><\/i><\/a><\/span>\n<span class=\"sr-linkedin\"><a data-id=\"linkedin\" style=\"color:#ffffff;\" rel=\"nofollow\" href=\"https:\/\/www.linkedin.com\/sharing\/share-offsite\/?url=\" target=\"_blank\" title=\"Add this to LinkedIn\"><i class=\"fab fa-linkedin-in\"><\/i><\/a><\/span>\n<span class=\"sr-pdf\"><a data-id=\"pdf\" style=\"color:#ffffff;\" rel=\"nofollow\" href=\"https:\/\/www.printfriendly.com\/print?url=\" target=\"_blank\" title=\"Convert to PDF\"><i class=\"fa fa-file-pdf\"><\/i><\/a><\/span>\n<span class=\"sr-share-menu\"><a href=\"#\" target=\"_blank\" title=\"More share links\" style=\"color:#ffffff;\" data-metadata=\"{&quot;url&quot;:&quot;&quot;,&quot;title&quot;:&quot;&quot;,&quot;excerpt&quot;:&quot;&quot;,&quot;image&quot;:&quot;&quot;,&quot;short-url&quot;:&quot;&quot;,&quot;rss-url&quot;:&quot;http:\\\/\\\/www.historikerkomitee.de\\\/?feed=rss2&quot;,&quot;comments-section&quot;:&quot;comments&quot;,&quot;raw-url&quot;:null,&quot;twitter-username&quot;:&quot;&quot;,&quot;fb-app-id&quot;:&quot;&quot;,&quot;fb-app-secret&quot;:&quot;&quot;}\"><i class=\"fa fa-plus\"><\/i><\/a><\/span><\/div><\/div><\/div>","protected":false},"excerpt":{"rendered":"<p>K. Priemel, A. Stiller (Hg.),\u00a0NMT. Die N\u00fcrnberger Milit\u00e4rtribunale zwischen Geschichte, Gerechtigkeit und Rechtsch\u00f6pfung,\u00a0Hamburger Edition, 2013. 928 Seiten, 51 Abb. \u20ac 49,00 Gebunden ISBN 978-3-86854-260-8\u00a0 Erschienen 2013 Die zw\u00f6lf Verfahren vor dem N\u00fcrnberger Milit\u00e4rtribunal (NMT), in denen amerikanische Ankl\u00e4ger zwischen 1946 und 1949 die Funktionseliten aus Milit\u00e4r, B\u00fcrokratie, Partei und Wirtschaft des \u00bbDritten Reiches\u00ab vor Gericht &hellip; <a href=\"http:\/\/www.historikerkomitee.de\/?p=2090\" class=\"more-link\">Continuer la lecture de <span class=\"screen-reader-text\">Neuerscheinung: NMT. Die N\u00fcrnberger Milit\u00e4rtribunale<\/span>  <span class=\"meta-nav\">&rarr;<\/span><\/a><\/p>\n","protected":false},"author":3,"featured_media":0,"comment_status":"closed","ping_status":"closed","sticky":false,"template":"","format":"standard","meta":[],"categories":[17],"tags":[26],"acf":[],"_links":{"self":[{"href":"http:\/\/www.historikerkomitee.de\/index.php?rest_route=\/wp\/v2\/posts\/2090"}],"collection":[{"href":"http:\/\/www.historikerkomitee.de\/index.php?rest_route=\/wp\/v2\/posts"}],"about":[{"href":"http:\/\/www.historikerkomitee.de\/index.php?rest_route=\/wp\/v2\/types\/post"}],"author":[{"embeddable":true,"href":"http:\/\/www.historikerkomitee.de\/index.php?rest_route=\/wp\/v2\/users\/3"}],"replies":[{"embeddable":true,"href":"http:\/\/www.historikerkomitee.de\/index.php?rest_route=%2Fwp%2Fv2%2Fcomments&post=2090"}],"version-history":[{"count":6,"href":"http:\/\/www.historikerkomitee.de\/index.php?rest_route=\/wp\/v2\/posts\/2090\/revisions"}],"predecessor-version":[{"id":3174,"href":"http:\/\/www.historikerkomitee.de\/index.php?rest_route=\/wp\/v2\/posts\/2090\/revisions\/3174"}],"wp:attachment":[{"href":"http:\/\/www.historikerkomitee.de\/index.php?rest_route=%2Fwp%2Fv2%2Fmedia&parent=2090"}],"wp:term":[{"taxonomy":"category","embeddable":true,"href":"http:\/\/www.historikerkomitee.de\/index.php?rest_route=%2Fwp%2Fv2%2Fcategories&post=2090"},{"taxonomy":"post_tag","embeddable":true,"href":"http:\/\/www.historikerkomitee.de\/index.php?rest_route=%2Fwp%2Fv2%2Ftags&post=2090"}],"curies":[{"name":"wp","href":"https:\/\/api.w.org\/{rel}","templated":true}]}}