{"id":2155,"date":"2013-04-21T12:05:29","date_gmt":"2013-04-21T10:05:29","guid":{"rendered":"http:\/\/www.historikerkomitee.de\/?p=2155"},"modified":"2014-11-24T13:22:06","modified_gmt":"2014-11-24T11:22:06","slug":"neuerscheinung-luftkrieg-und-gesellschaft-in-frankreich-1940-1944","status":"publish","type":"post","link":"http:\/\/www.historikerkomitee.de\/?p=2155","title":{"rendered":"Luftkrieg und Gesellschaft in Frankreich 1940-1944"},"content":{"rendered":"<p><em>Neuerscheinung<\/em><\/p>\n<h4>Michael Schmiedel, \u00ab\u00a0Sous cette pluie de fer\u00a0\u00bb. Luftkrieg und Gesellschaft in Frankreich 1940\u20131944, Band 9, Schriftenreihe des Deutsch-Franz\u00f6sischen Historikerkomitee, Franz Steiner V., 2013.360 S.<br \/>\nKartoniert &#8211; ISBN 978-3-515-10247-6<\/h4>\n<p style=\"text-align: justify;\"><a href=\"http:\/\/www.historikerkomitee.de\/wordpress\/wp-content\/uploads\/Schmiedel_pluie-fer.jpg\"><img loading=\"lazy\" class=\"size-medium wp-image-2277 alignleft\" style=\"margin: 10px;\" alt=\"Schmiedel_pluie-fer\" src=\"http:\/\/www.historikerkomitee.de\/wordpress\/wp-content\/uploads\/Schmiedel_pluie-fer-212x300.jpg\" width=\"212\" height=\"300\" srcset=\"http:\/\/www.historikerkomitee.de\/wordpress\/wp-content\/uploads\/Schmiedel_pluie-fer-212x300.jpg 212w, http:\/\/www.historikerkomitee.de\/wordpress\/wp-content\/uploads\/Schmiedel_pluie-fer-106x150.jpg 106w, http:\/\/www.historikerkomitee.de\/wordpress\/wp-content\/uploads\/Schmiedel_pluie-fer.jpg 297w\" sizes=\"(max-width: 212px) 100vw, 212px\" \/><\/a>Der Luftkrieg geh\u00f6rte auch in Frankreich zu den einschneidenden gesellschaftlichen Erfahrungen w\u00e4hrend des Zweiten Weltkriegs. Michael Schmiedel beleuchtet seine sozialen und politischen Auswirkungen, die bisher in der Geschichtsschreibung weitgehend vernachl\u00e4ssigt wurden. Er zeigt, wie der durch die deutsche Besatzung ohnehin in seiner Handlungsf\u00e4higkeit eingeschr\u00e4nkte franz\u00f6sische Staat durch die Bombardierungen noch weiter unter Druck geriet. Die Bombardements, denen das Vichy-Regime nichts Wirkungsvolles entgegenzusetzen hatte, trugen entscheidend zum Vertrauensverlust der Bev\u00f6lkerung gegen\u00fcber dem Regime und der deutschen Besatzung bei. Zudem versch\u00e4rften die Luftangriffe die sozialen Konflikte und waren selbst Ausl\u00f6ser von hoch emotionalisierten Auseinandersetzungen. Den ambivalenten Umgang mit den Folgen des Luftkriegs in Frankreich zeigt nicht zuletzt der Blick auf die Erinnerungskultur in den Jahren nach 1945. Die Opfer des Luftkriegs wurden dabei lange Zeit an den Rand gedr\u00e4ngt.<\/p>\n<p style=\"text-align: justify;\">\n<ul>\n<li><a href=\"http:\/\/www.steiner-verlag.de\/uploads\/tx_crondavtitel\/datei-datei\/9783515102476_i.pdf\" target=\"_blank\" class=\"broken_link\" rel=\"nofollow\"><strong>Inhaltverzeichnis<\/strong><\/a><\/li>\n<li><a href=\"http:\/\/www.steiner-verlag.de\/uploads\/tx_crondavtitel\/datei-datei\/9783515102476_p.pdf\" target=\"_blank\" class=\"broken_link\" rel=\"nofollow\"><strong>Probekapitel<\/strong><\/a><\/li>\n<\/ul>\n<h4><a href=\"http:\/\/www.historikerkomitee.de\/wordpress\/wp-content\/uploads\/picto_11.gif\"><img loading=\"lazy\" class=\"size-full wp-image-237 alignleft\" title=\"picto_1\" alt=\"\" src=\"http:\/\/www.historikerkomitee.de\/wordpress\/wp-content\/uploads\/picto_11.gif\" width=\"50\" height=\"31\" \/><\/a><a href=\"http:\/\/www.steiner-verlag.de\/reihe\/view\/listtitel.html?tx_crondavtitel_pi[filterReihe]=369&amp;tx_crondavtitel_pi[filterKategorie]=&amp;cHash=f114d2bea5be9ad7f50675febe16ce41\" target=\"_blank\">Schriftenreihe des Deutsch-Franz\u00f6sischen Historikerkomitee<\/a><\/h4>\n<div class=\"wp-socializer wpsr-share-icons\" data-lg-action=\"show\" data-sm-action=\"show\" data-sm-width=\"768\"><div class=\"wpsr-si-inner\"><div class=\"socializer sr-popup sr-32px sr-squircle sr-opacity sr-pad\"><span class=\"sr-facebook\"><a data-id=\"facebook\" style=\"color:#ffffff;\" rel=\"nofollow\" href=\"https:\/\/www.facebook.com\/share.php?u=\" target=\"_blank\" title=\"Share this on Facebook\"><i class=\"fab fa-facebook-f\"><\/i><\/a><\/span>\n<span class=\"sr-twitter\"><a data-id=\"twitter\" style=\"color:#ffffff;\" rel=\"nofollow\" href=\"https:\/\/twitter.com\/intent\/tweet?text=%20-%20%20\" target=\"_blank\" title=\"Tweet this !\"><i class=\"fab fa-twitter\"><\/i><\/a><\/span>\n<span class=\"sr-linkedin\"><a data-id=\"linkedin\" style=\"color:#ffffff;\" rel=\"nofollow\" href=\"https:\/\/www.linkedin.com\/sharing\/share-offsite\/?url=\" target=\"_blank\" title=\"Add this to LinkedIn\"><i class=\"fab fa-linkedin-in\"><\/i><\/a><\/span>\n<span class=\"sr-pdf\"><a data-id=\"pdf\" style=\"color:#ffffff;\" rel=\"nofollow\" href=\"https:\/\/www.printfriendly.com\/print?url=\" target=\"_blank\" title=\"Convert to PDF\"><i class=\"fa fa-file-pdf\"><\/i><\/a><\/span>\n<span class=\"sr-share-menu\"><a href=\"#\" target=\"_blank\" title=\"More share links\" style=\"color:#ffffff;\" data-metadata=\"{&quot;url&quot;:&quot;&quot;,&quot;title&quot;:&quot;&quot;,&quot;excerpt&quot;:&quot;&quot;,&quot;image&quot;:&quot;&quot;,&quot;short-url&quot;:&quot;&quot;,&quot;rss-url&quot;:&quot;http:\\\/\\\/www.historikerkomitee.de\\\/?feed=rss2&quot;,&quot;comments-section&quot;:&quot;comments&quot;,&quot;raw-url&quot;:null,&quot;twitter-username&quot;:&quot;&quot;,&quot;fb-app-id&quot;:&quot;&quot;,&quot;fb-app-secret&quot;:&quot;&quot;}\"><i class=\"fa fa-plus\"><\/i><\/a><\/span><\/div><\/div><\/div>","protected":false},"excerpt":{"rendered":"<p>Neuerscheinung Michael Schmiedel, \u00ab\u00a0Sous cette pluie de fer\u00a0\u00bb. Luftkrieg und Gesellschaft in Frankreich 1940\u20131944, Band 9, Schriftenreihe des Deutsch-Franz\u00f6sischen Historikerkomitee, Franz Steiner V., 2013.360 S. Kartoniert &#8211; ISBN 978-3-515-10247-6 Der Luftkrieg geh\u00f6rte auch in Frankreich zu den einschneidenden gesellschaftlichen Erfahrungen w\u00e4hrend des Zweiten Weltkriegs. Michael Schmiedel beleuchtet seine sozialen und politischen Auswirkungen, die bisher in &hellip; <a href=\"http:\/\/www.historikerkomitee.de\/?p=2155\" class=\"more-link\">Continuer la lecture de <span class=\"screen-reader-text\">Luftkrieg und Gesellschaft in Frankreich 1940-1944<\/span>  <span class=\"meta-nav\">&rarr;<\/span><\/a><\/p>\n","protected":false},"author":3,"featured_media":0,"comment_status":"closed","ping_status":"closed","sticky":false,"template":"","format":"standard","meta":[],"categories":[38,65],"tags":[26],"acf":[],"_links":{"self":[{"href":"http:\/\/www.historikerkomitee.de\/index.php?rest_route=\/wp\/v2\/posts\/2155"}],"collection":[{"href":"http:\/\/www.historikerkomitee.de\/index.php?rest_route=\/wp\/v2\/posts"}],"about":[{"href":"http:\/\/www.historikerkomitee.de\/index.php?rest_route=\/wp\/v2\/types\/post"}],"author":[{"embeddable":true,"href":"http:\/\/www.historikerkomitee.de\/index.php?rest_route=\/wp\/v2\/users\/3"}],"replies":[{"embeddable":true,"href":"http:\/\/www.historikerkomitee.de\/index.php?rest_route=%2Fwp%2Fv2%2Fcomments&post=2155"}],"version-history":[{"count":10,"href":"http:\/\/www.historikerkomitee.de\/index.php?rest_route=\/wp\/v2\/posts\/2155\/revisions"}],"predecessor-version":[{"id":2753,"href":"http:\/\/www.historikerkomitee.de\/index.php?rest_route=\/wp\/v2\/posts\/2155\/revisions\/2753"}],"wp:attachment":[{"href":"http:\/\/www.historikerkomitee.de\/index.php?rest_route=%2Fwp%2Fv2%2Fmedia&parent=2155"}],"wp:term":[{"taxonomy":"category","embeddable":true,"href":"http:\/\/www.historikerkomitee.de\/index.php?rest_route=%2Fwp%2Fv2%2Fcategories&post=2155"},{"taxonomy":"post_tag","embeddable":true,"href":"http:\/\/www.historikerkomitee.de\/index.php?rest_route=%2Fwp%2Fv2%2Ftags&post=2155"}],"curies":[{"name":"wp","href":"https:\/\/api.w.org\/{rel}","templated":true}]}}