{"id":2328,"date":"2013-06-03T09:41:04","date_gmt":"2013-06-03T07:41:04","guid":{"rendered":"http:\/\/www.historikerkomitee.de\/?p=2328"},"modified":"2016-06-15T14:38:30","modified_gmt":"2016-06-15T12:38:30","slug":"relations-franco-allemandes-retour-a-la-raison","status":"publish","type":"post","link":"http:\/\/www.historikerkomitee.de\/?p=2328","title":{"rendered":"Relations franco-allemandes : retour \u00e0 la raison ?"},"content":{"rendered":"<p><b>Relations franco-allemandes : retour \u00e0 la raison ?\u00a0<\/b><\/p>\n<p>Par J\u00e9r\u00f4me VAILLANT, directeur de la revue <a href=\"http:\/\/www.septentrion.com\/fr\/revues\/allemagneaujourdhui\/\" target=\"_blank\"><em>Allemagne d&rsquo;aujourd&rsquo;hui<\/em><\/a> (et membre du Comit\u00e9 franco-allemand des historiens)<\/p>\n<p>Il appara\u00eet urgent que la France et l&rsquo;Allemagne, apr\u00e8s des mois d&rsquo;errances cessent de cultiver leurs diff\u00e9rences et leurs divergences pour retrouver, au-del\u00e0 de celles-ci, le terrain d&rsquo;une entente qui reste possible d\u00e8s l&rsquo;instant que des deux c\u00f4t\u00e9s il y a la volont\u00e9 politique d&rsquo;y parvenir. Dans l&rsquo;int\u00e9r\u00eat bien compris de chacun.<br \/>\n<em>A lire sur le site Diploweb:\u00a0<\/em><\/p>\n<ul>\n<li><a href=\"http:\/\/www.diploweb.com\/Relations-franco-allemandes-retour.html\" target=\"_blank\" rel=\"nofollow\">http:\/\/www.diploweb.com\/Relations-franco-allemandes-retour.html<\/a><\/li>\n<\/ul>\n<p style=\"text-align: center;\"><img loading=\"lazy\" class=\"aligncenter\" title=\"Les relations franco-allemandes (ou germano-fran\u00e7aises) vues par Alex, le dessinateur de \u00abLa Libert\u00e9\u00bb. DR\" alt=\"Les relations franco-allemandes (ou germano-fran\u00e7aises) vues par Alex, le dessin\" src=\"http:\/\/web.archive.org\/web\/20131220010601\/http:\/\/www.laliberte.ch\/sites\/default\/files\/imagecache\/fullnode_image\/images\/lead_images\/articles\/21_C1_franceallemagne.jpg\" width=\"591\" height=\"376\" \/>Les relations franco-allemandes vues par Alex, le dessinateur de <em><a href=\"http:\/\/www.laliberte.ch\/\" target=\"_blank\">La Libert\u00e9<\/a>,<br \/>\n<\/em> journal quotidien romand \u00e9dit\u00e9 \u00e0 Fribourg.<\/p>\n<div class=\"wp-socializer wpsr-share-icons\" data-lg-action=\"show\" data-sm-action=\"show\" data-sm-width=\"768\"><div class=\"wpsr-si-inner\"><div class=\"socializer sr-popup sr-32px sr-squircle sr-opacity sr-pad\"><span class=\"sr-facebook\"><a data-id=\"facebook\" style=\"color:#ffffff;\" rel=\"nofollow\" href=\"https:\/\/www.facebook.com\/share.php?u=\" target=\"_blank\" title=\"Share this on Facebook\"><i class=\"fab fa-facebook-f\"><\/i><\/a><\/span>\n<span class=\"sr-twitter\"><a data-id=\"twitter\" style=\"color:#ffffff;\" rel=\"nofollow\" href=\"https:\/\/twitter.com\/intent\/tweet?text=%20-%20%20\" target=\"_blank\" title=\"Tweet this !\"><i class=\"fab fa-twitter\"><\/i><\/a><\/span>\n<span class=\"sr-linkedin\"><a data-id=\"linkedin\" style=\"color:#ffffff;\" rel=\"nofollow\" href=\"https:\/\/www.linkedin.com\/sharing\/share-offsite\/?url=\" target=\"_blank\" title=\"Add this to LinkedIn\"><i class=\"fab fa-linkedin-in\"><\/i><\/a><\/span>\n<span class=\"sr-pdf\"><a data-id=\"pdf\" style=\"color:#ffffff;\" rel=\"nofollow\" href=\"https:\/\/www.printfriendly.com\/print?url=\" target=\"_blank\" title=\"Convert to PDF\"><i class=\"fa fa-file-pdf\"><\/i><\/a><\/span>\n<span class=\"sr-share-menu\"><a href=\"#\" target=\"_blank\" title=\"More share links\" style=\"color:#ffffff;\" data-metadata=\"{&quot;url&quot;:&quot;&quot;,&quot;title&quot;:&quot;&quot;,&quot;excerpt&quot;:&quot;&quot;,&quot;image&quot;:&quot;&quot;,&quot;short-url&quot;:&quot;&quot;,&quot;rss-url&quot;:&quot;http:\\\/\\\/www.historikerkomitee.de\\\/?feed=rss2&quot;,&quot;comments-section&quot;:&quot;comments&quot;,&quot;raw-url&quot;:null,&quot;twitter-username&quot;:&quot;&quot;,&quot;fb-app-id&quot;:&quot;&quot;,&quot;fb-app-secret&quot;:&quot;&quot;}\"><i class=\"fa fa-plus\"><\/i><\/a><\/span><\/div><\/div><\/div>","protected":false},"excerpt":{"rendered":"<p>Relations franco-allemandes : retour \u00e0 la raison ?\u00a0 Par J\u00e9r\u00f4me VAILLANT, directeur de la revue Allemagne d&rsquo;aujourd&rsquo;hui (et membre du Comit\u00e9 franco-allemand des historiens) Il appara\u00eet urgent que la France et l&rsquo;Allemagne, apr\u00e8s des mois d&rsquo;errances cessent de cultiver leurs diff\u00e9rences et leurs divergences pour retrouver, au-del\u00e0 de celles-ci, le terrain d&rsquo;une entente qui reste &hellip; <a href=\"http:\/\/www.historikerkomitee.de\/?p=2328\" class=\"more-link\">Continuer la lecture de <span class=\"screen-reader-text\">Relations franco-allemandes : retour \u00e0 la raison ?<\/span>  <span class=\"meta-nav\">&rarr;<\/span><\/a><\/p>\n","protected":false},"author":3,"featured_media":0,"comment_status":"closed","ping_status":"closed","sticky":false,"template":"","format":"standard","meta":[],"categories":[17],"tags":[24],"acf":[],"_links":{"self":[{"href":"http:\/\/www.historikerkomitee.de\/index.php?rest_route=\/wp\/v2\/posts\/2328"}],"collection":[{"href":"http:\/\/www.historikerkomitee.de\/index.php?rest_route=\/wp\/v2\/posts"}],"about":[{"href":"http:\/\/www.historikerkomitee.de\/index.php?rest_route=\/wp\/v2\/types\/post"}],"author":[{"embeddable":true,"href":"http:\/\/www.historikerkomitee.de\/index.php?rest_route=\/wp\/v2\/users\/3"}],"replies":[{"embeddable":true,"href":"http:\/\/www.historikerkomitee.de\/index.php?rest_route=%2Fwp%2Fv2%2Fcomments&post=2328"}],"version-history":[{"count":6,"href":"http:\/\/www.historikerkomitee.de\/index.php?rest_route=\/wp\/v2\/posts\/2328\/revisions"}],"predecessor-version":[{"id":3169,"href":"http:\/\/www.historikerkomitee.de\/index.php?rest_route=\/wp\/v2\/posts\/2328\/revisions\/3169"}],"wp:attachment":[{"href":"http:\/\/www.historikerkomitee.de\/index.php?rest_route=%2Fwp%2Fv2%2Fmedia&parent=2328"}],"wp:term":[{"taxonomy":"category","embeddable":true,"href":"http:\/\/www.historikerkomitee.de\/index.php?rest_route=%2Fwp%2Fv2%2Fcategories&post=2328"},{"taxonomy":"post_tag","embeddable":true,"href":"http:\/\/www.historikerkomitee.de\/index.php?rest_route=%2Fwp%2Fv2%2Ftags&post=2328"}],"curies":[{"name":"wp","href":"https:\/\/api.w.org\/{rel}","templated":true}]}}