{"id":2804,"date":"2015-02-01T01:10:24","date_gmt":"2015-01-31T23:10:24","guid":{"rendered":"http:\/\/www.historikerkomitee.de\/?p=2804"},"modified":"2021-06-06T16:56:12","modified_gmt":"2021-06-06T14:56:12","slug":"nachruf-in-memoriam-jacques-bariety","status":"publish","type":"post","link":"http:\/\/www.historikerkomitee.de\/?p=2804","title":{"rendered":"Nachruf \/ In memoriam Jacques Bari\u00e9ty"},"content":{"rendered":"<p style=\"text-align: justify;\">Le Comit\u00e9 franco-allemand des Historiens vient de perdre en la personne de Jacques Bari\u00e9ty un de ses membres les plus illustres. Il avait en 1987 particip\u00e9 avec Raymond Poidevin, Josef Becker, \u00e0 la cr\u00e9ation de notre comit\u00e9. Il avait \u00e9t\u00e9 membre du bureau de notre comit\u00e9 jusqu\u2019en 1990. Avec lui disparait un grand sp\u00e9cialiste de l\u2019histoire des relations entre nos deux pays.<\/p>\n<p style=\"text-align: justify;\">N\u00e9 \u00e0 Paris le 11 janvier 1930, Jacques Bari\u00e9ty nous a quitt\u00e9s le 20 novembre 2014, \u00e0 la veille de son 85<sup>\u00e8me<\/sup> anniversaire. Fils d\u2019un c\u00e9l\u00e8bre m\u00e9decin pneumologue, il a fr\u00e9quent\u00e9 les Lyc\u00e9es Condorcet et Henri\u00a0IV avant de se consacrer \u00e0 sa passion, l\u2019histoire, et de commencer ses \u00e9tudes \u00e0 la Facult\u00e9 des Lettres de Paris.<\/p>\n<p style=\"text-align: justify;\">Agr\u00e9g\u00e9 d\u2019histoire, il a entam\u00e9 une longue carri\u00e8re d\u2019enseignant dans l\u2019Est de la Franc (lyc\u00e9e de Nancy en 1954) tout en d\u00e9butant ses recherches sur les relations franco-allemandes et l\u2019histoire de l\u2019Allemagne. Ses premiers \u00e9crits portent sur Franz von Papen et l\u2019accession de Hitler au pouvoir. D\u00e8s 1957, il participe aux travaux de la Commission interalli\u00e9e d\u2019\u00e9tude des archives allemandes s\u00e9questr\u00e9es \u00e0 Whaddon Hall (Grande-Bretagne) aux c\u00f4t\u00e9s d\u2019historiens am\u00e9ricains et britanniques. Il se rend ensuite en Allemagne o\u00f9 il enseigne \u00e0 l\u2019Institut fran\u00e7ais de Bonn (1959) et devient, l\u2019ann\u00e9e suivante, membre de la Commission internationale de publication des archives diplomatiques allemandes. De 1968 \u00e0 1971, il dirige l\u2019Institut fran\u00e7ais de Francfort-sur-le-Main.<\/p>\n<p style=\"text-align: justify;\">Il entre dans la carri\u00e8re universitaire en occupant, \u00e0 son retour d\u2019Allemagne en 1971, le poste de Ma\u00eetre assistant \u00e0 la facult\u00e9 des Lettres de Metz, avant de rejoindre l\u2019universit\u00e9 de Strasbourg o\u00f9 il occupera les fonctions de Directeur de l\u2019Institut d\u2019histoire contemporaine \u00e0 partir de 1975. Il est nomm\u00e9 en 1979, Professeur d\u2019histoire contemporaine \u00e0 l\u2019universit\u00e9 de Paris IV-Sorbonne et y restera jusqu\u2019\u00e0 son d\u00e9part en retraite en 1996. Il \u00e9tait Professeur \u00e9m\u00e9rite.<\/p>\n<p style=\"text-align: justify;\">Ses travaux portent tous sur les relations franco-allemandes. Sa th\u00e8se d\u2019Etat sur <em>Les relations franco-allemandes apr\u00e8s la premi\u00e8re guerre mondiale<\/em> fut couronn\u00e9e par le prix Gobert de l\u2019Acad\u00e9mie fran\u00e7aise en 1977. Il publie de nombreux livres avec ses coll\u00e8gues, Raymond Poidevin, <em>Les relations franco-allemandes de 1875 \u00e0 1977<\/em>, Jacques Droz, <em>R\u00e9publique de Weimar et r\u00e9gime hitl\u00e9rien, <\/em>Jean-Marie Valentin et Alfred Guth, <em>La France et l\u2019Allemagne entre les deux-guerres mondiales\u00a0;<\/em> Pierre Miquel, <em>Journal<\/em> de Raymond Poincar\u00e9 de 1919\u00a0; Ren\u00e9 Pillorget,<em> France-Bavi\u00e8re, allers-retours, 100 ans de relations franco-bavaroises. <\/em>La plupart d\u2019entre eux sont utilis\u00e9s par des g\u00e9n\u00e9rations d\u2019\u00e9tudiants et prouvent aussi qu\u2019il \u00e9tait tr\u00e8s appr\u00e9ci\u00e9 de ses coll\u00e8gues, sp\u00e9cialistes des relations franco-allemandes. Sa publication des actes du colloque consacr\u00e9 par l\u2019Association internationale d\u2019Histoire contemporaine de l\u2019Europe \u00e0 <em>Aristide Briand, la Soci\u00e9t\u00e9 des nations et l\u2019Europe(1919-1932) <\/em>en 2007 et surtout la publication de son dernier livre, paru en 2011,<em> A la recherche de la paix France-Allemagne <\/em>qui est un commentaire des cahiers d\u2019Oswald Hesnard, illustrent l\u2019importance et l\u2019impact de son \u0153uvre scientifique.<\/p>\n<p style=\"text-align: justify;\">Reconnu au niveau national et international comme un grand sp\u00e9cialiste de l\u2019Allemagne, J. Bari\u00e9ty fut responsable de la publication des <em>Documents diplomatiques fran\u00e7ais <\/em>(ann\u00e9es 1920), membre de la commission des archives du minist\u00e8re des Affaires \u00e9trang\u00e8res (1975-2011) et de 1981 \u00e0 2004, conseiller historique aupr\u00e8s du minist\u00e8re des Affaires \u00e9trang\u00e8res. Il succ\u00e8de de 1981 \u00e0 1995, \u00e0 son maitre Maurice Baumont, au poste d\u2019\u00e9diteur en chef pour la France des <em>Akten zur Deutschen Ausw\u00e4rtigen Politik<\/em> <em>1918-1945<\/em>.<\/p>\n<p style=\"text-align: justify;\">Son autorit\u00e9 scientifique le conduisit \u00e9galement \u00e0 assumer diverses responsabilit\u00e9s au niveau universitaire puisqu\u2019il fut membre \u00e9lu du Comit\u00e9 consultatif des universit\u00e9s (1973-82) et du Comit\u00e9 national du CNRS (1976-82), et auditeur \u00e0 l\u2019Institut des hautes \u00e9tudes de d\u00e9fense nationale (IHEDN) (1980-1981).<\/p>\n<p style=\"text-align: justify;\">Il \u00e9tait tr\u00e8s appr\u00e9ci\u00e9 de ses coll\u00e8gues fran\u00e7ais et allemands et son r\u00f4le lors de la fondation de notre Comit\u00e9 franco-allemand de recherches sur l\u2019histoire de la France et de l\u2019Allemagne aux XIXe et XXe si\u00e8cles en atteste. J. Bari\u00e9ty fut aussi, de 1982 \u00e0 2010, le dynamique pr\u00e9sident de l\u2019Association internationale d\u2019histoire contemporaine de l\u2019Europe, fond\u00e9e en 1969 par Fernand L\u2019Huillier apr\u00e8s le printemps de Prague pour permettre aux historiens de l\u2019Europe de l\u2019Est de maintenir et de d\u00e9velopper les contacts avec leurs coll\u00e8gues occidentaux. Tr\u00e8s impliqu\u00e9 dans le rapprochement franco-allemand, il participa \u00e0 de nombreuses activit\u00e9s de l\u2019Institut historique allemand. Il fut aussi membre de la d\u00e9l\u00e9gation fran\u00e7aise des rencontres franco-allemandes sur les manuels scolaires d\u2019Histoire, organis\u00e9es par <a href=\"http:\/\/www.gei.de\/home.html\"><em>l\u2019Institut-Georg Eckert f\u00fcr International Schulbuchforschung<\/em> de Braunschveig<\/a> et par l\u2019Association des Professeurs d\u2019Histoire et de G\u00e9ographie. Il contribua avec ses coll\u00e8gues fran\u00e7ais et allemands \u00e0 la disparition dans les manuels scolaires des st\u00e9r\u00e9otypes qui avaient nourri le nationalisme.<\/p>\n<p style=\"text-align: justify;\">Par son enseignement, ses ouvrages, ses activit\u00e9s aupr\u00e8s de nombreuses instances, sa pr\u00e9sence au sein du Comit\u00e9 scientifique de nombreuses revues, il a contribu\u00e9 \u00e0 la formation de plusieurs g\u00e9n\u00e9rations d&rsquo;historiens. Ils n\u2019oublieront pas sa direction de recherche, ses interventions dans les soutenances, dans les d\u00e9bats, la fid\u00e9lit\u00e9 de sa participation aux r\u00e9unions organis\u00e9es par les jeunes chercheurs. Cet historien, d\u2019une immense culture, toujours clair et pr\u00e9cis dans ses communications et ses interventions, a grandement contribu\u00e9 \u00e0 faire conna\u00eetre l\u2019histoire des relations internationales \u00e0 travers l\u2019exemple franco-allemand. Tous ses coll\u00e8gues, dont de nombreux anciens \u00e9l\u00e8ves membres, comme moi, de ce Comit\u00e9 sont infiniment touch\u00e9s par cette perte.<\/p>\n<p style=\"text-align: justify;\">Chantal Metzger, Professeur \u00e9m\u00e9rite des Universit\u00e9s<\/p>\n<div class=\"wp-socializer wpsr-share-icons\" data-lg-action=\"show\" data-sm-action=\"show\" data-sm-width=\"768\"><div class=\"wpsr-si-inner\"><div class=\"socializer sr-popup sr-32px sr-squircle sr-opacity sr-pad\"><span class=\"sr-facebook\"><a data-id=\"facebook\" style=\"color:#ffffff;\" rel=\"nofollow\" href=\"https:\/\/www.facebook.com\/share.php?u=\" target=\"_blank\" title=\"Share this on Facebook\"><i class=\"fab fa-facebook-f\"><\/i><\/a><\/span>\n<span class=\"sr-twitter\"><a data-id=\"twitter\" style=\"color:#ffffff;\" rel=\"nofollow\" href=\"https:\/\/twitter.com\/intent\/tweet?text=%20-%20%20\" target=\"_blank\" title=\"Tweet this !\"><i class=\"fab fa-twitter\"><\/i><\/a><\/span>\n<span class=\"sr-linkedin\"><a data-id=\"linkedin\" style=\"color:#ffffff;\" rel=\"nofollow\" href=\"https:\/\/www.linkedin.com\/sharing\/share-offsite\/?url=\" target=\"_blank\" title=\"Add this to LinkedIn\"><i class=\"fab fa-linkedin-in\"><\/i><\/a><\/span>\n<span class=\"sr-pdf\"><a data-id=\"pdf\" style=\"color:#ffffff;\" rel=\"nofollow\" href=\"https:\/\/www.printfriendly.com\/print?url=\" target=\"_blank\" title=\"Convert to PDF\"><i class=\"fa fa-file-pdf\"><\/i><\/a><\/span>\n<span class=\"sr-share-menu\"><a href=\"#\" target=\"_blank\" title=\"More share links\" style=\"color:#ffffff;\" data-metadata=\"{&quot;url&quot;:&quot;&quot;,&quot;title&quot;:&quot;&quot;,&quot;excerpt&quot;:&quot;&quot;,&quot;image&quot;:&quot;&quot;,&quot;short-url&quot;:&quot;&quot;,&quot;rss-url&quot;:&quot;http:\\\/\\\/www.historikerkomitee.de\\\/?feed=rss2&quot;,&quot;comments-section&quot;:&quot;comments&quot;,&quot;raw-url&quot;:null,&quot;twitter-username&quot;:&quot;&quot;,&quot;fb-app-id&quot;:&quot;&quot;,&quot;fb-app-secret&quot;:&quot;&quot;}\"><i class=\"fa fa-plus\"><\/i><\/a><\/span><\/div><\/div><\/div>","protected":false},"excerpt":{"rendered":"<p>Le Comit\u00e9 franco-allemand des Historiens vient de perdre en la personne de Jacques Bari\u00e9ty un de ses membres les plus illustres. Il avait en 1987 particip\u00e9 avec Raymond Poidevin, Josef Becker, \u00e0 la cr\u00e9ation de notre comit\u00e9. Il avait \u00e9t\u00e9 membre du bureau de notre comit\u00e9 jusqu\u2019en 1990. Avec lui disparait un grand sp\u00e9cialiste de &hellip; <a href=\"http:\/\/www.historikerkomitee.de\/?p=2804\" class=\"more-link\">Continuer la lecture de <span class=\"screen-reader-text\">Nachruf \/ In memoriam Jacques Bari\u00e9ty<\/span>  <span class=\"meta-nav\">&rarr;<\/span><\/a><\/p>\n","protected":false},"author":3,"featured_media":0,"comment_status":"closed","ping_status":"closed","sticky":false,"template":"","format":"standard","meta":[],"categories":[57],"tags":[],"acf":[],"_links":{"self":[{"href":"http:\/\/www.historikerkomitee.de\/index.php?rest_route=\/wp\/v2\/posts\/2804"}],"collection":[{"href":"http:\/\/www.historikerkomitee.de\/index.php?rest_route=\/wp\/v2\/posts"}],"about":[{"href":"http:\/\/www.historikerkomitee.de\/index.php?rest_route=\/wp\/v2\/types\/post"}],"author":[{"embeddable":true,"href":"http:\/\/www.historikerkomitee.de\/index.php?rest_route=\/wp\/v2\/users\/3"}],"replies":[{"embeddable":true,"href":"http:\/\/www.historikerkomitee.de\/index.php?rest_route=%2Fwp%2Fv2%2Fcomments&post=2804"}],"version-history":[{"count":4,"href":"http:\/\/www.historikerkomitee.de\/index.php?rest_route=\/wp\/v2\/posts\/2804\/revisions"}],"predecessor-version":[{"id":4170,"href":"http:\/\/www.historikerkomitee.de\/index.php?rest_route=\/wp\/v2\/posts\/2804\/revisions\/4170"}],"wp:attachment":[{"href":"http:\/\/www.historikerkomitee.de\/index.php?rest_route=%2Fwp%2Fv2%2Fmedia&parent=2804"}],"wp:term":[{"taxonomy":"category","embeddable":true,"href":"http:\/\/www.historikerkomitee.de\/index.php?rest_route=%2Fwp%2Fv2%2Fcategories&post=2804"},{"taxonomy":"post_tag","embeddable":true,"href":"http:\/\/www.historikerkomitee.de\/index.php?rest_route=%2Fwp%2Fv2%2Ftags&post=2804"}],"curies":[{"name":"wp","href":"https:\/\/api.w.org\/{rel}","templated":true}]}}