{"id":2907,"date":"2015-04-13T18:58:52","date_gmt":"2015-04-13T16:58:52","guid":{"rendered":"http:\/\/www.historikerkomitee.de\/?p=2907"},"modified":"2015-04-13T19:06:06","modified_gmt":"2015-04-13T17:06:06","slug":"kleiner-markt-im-grosen-plan-drei-unternehmerinnen-in-der-ddr","status":"publish","type":"post","link":"http:\/\/www.historikerkomitee.de\/?p=2907","title":{"rendered":"Kleiner Markt im gro\u00dfen Plan. Drei Unternehmerinnen in der DDR"},"content":{"rendered":"<p class=\"art-postheader\">Neue Ver\u00f6ffentlichung:<\/p>\n<h3 class=\"subtitle\" style=\"text-align: justify;\"><span style=\"color: #000000;\">Peter Karl Becker\/ Sebastian Liebold, <em>Kleiner Markt im gro\u00dfen Plan. Drei Unternehmerinnen in der DDR<\/em>, Sax Verlag, 2015, 80 Seiten, ISBN: 978-3-86729-145-3<\/span><\/h3>\n<p class=\"art-postheader\" style=\"text-align: center;\"><img loading=\"lazy\" class=\" size-medium wp-image-2908 aligncenter\" src=\"http:\/\/www.historikerkomitee.de\/wordpress\/wp-content\/uploads\/couv_Liebold-216x300.jpg\" alt=\"UN_05.01.2015.indd\" width=\"216\" height=\"300\" srcset=\"http:\/\/www.historikerkomitee.de\/wordpress\/wp-content\/uploads\/couv_Liebold-216x300.jpg 216w, http:\/\/www.historikerkomitee.de\/wordpress\/wp-content\/uploads\/couv_Liebold-108x150.jpg 108w, http:\/\/www.historikerkomitee.de\/wordpress\/wp-content\/uploads\/couv_Liebold.jpg 400w\" sizes=\"(max-width: 216px) 100vw, 216px\" \/><\/p>\n<p style=\"text-align: justify;\">Wie war das m\u00f6glich \u2013 private Unternehmen in der Planwirtschaft? Und Frauen an der Spitze? Peter Karl Becker und Sebastian Liebold stellen drei Unternehmerinnen vor, die mit ihrem von der Elterngeneration gepr\u00e4gten Gesch\u00e4ftssinn einem doppelten Dilemma trotzten: Irmgard Fuhrmann, Eleonore Vogel und Ulrike Kaufmann entsprachen zwar dem sozialistischen Prinzip, wonach Frauen eine selbstst\u00e4ndige Rolle haben sollten \u2013 tats\u00e4chlich hatten aber vor allem in Staat und Wirtschaft der DDR h\u00e4ufig M\u00e4nner das Sagen. Auf der H\u00f6he der Unternehmensforschung pr\u00e4sentieren die Autoren einen heute kaum mehr erinnerten \u00bbTypus der Unternehmerin\u00ab in Wort und Bild. Interviews und reiches Material aus den Firmenarchiven geben einen Eindruck vom Alltag einer weiblich gef\u00fchrten Weinhandlung in Querfurt, einer Druckerei in Schwarzenberg und eines Gesch\u00e4fts f\u00fcr Medizintechnik in Karl-Marx-Stadt\/Chemnitz. Die Studie gibt Antwort auf die Frage, wie die Unternehmerinnen Misstrauen gegen jede private Initiative \u00fcberwinden und Spielr\u00e4ume nutzen konnten.<\/p>\n<h5 class=\"art-postheader\"><img class=\"\" src=\"https:\/\/www.sax-verlag.de\/images\/pdf_small.gif\" alt=\"\" \/> <span style=\"text-decoration: underline;\"><a href=\"https:\/\/www.sax-verlag.de\/extras\/29-145_Inhaltsverzeichnis.pdf\" target=\"_blank\" class=\"broken_link\" rel=\"nofollow\"><b>Inhaltsverzeichnis<\/b><\/a><\/span><br \/>\n=&gt; <span style=\"text-decoration: underline;\"><a href=\"https:\/\/www.sax-verlag.de\/shop\/saxverlag\/apply\/viewdetail\/id\/378\/refer\/Home\/\" target=\"_blank\" class=\"broken_link\" rel=\"nofollow\">Sax Verlag <\/a><\/span><\/h5>\n<div class=\"wp-socializer wpsr-share-icons\" data-lg-action=\"show\" data-sm-action=\"show\" data-sm-width=\"768\"><div class=\"wpsr-si-inner\"><div class=\"socializer sr-popup sr-32px sr-squircle sr-opacity sr-pad\"><span class=\"sr-facebook\"><a data-id=\"facebook\" style=\"color:#ffffff;\" rel=\"nofollow\" href=\"https:\/\/www.facebook.com\/share.php?u=\" target=\"_blank\" title=\"Share this on Facebook\"><i class=\"fab fa-facebook-f\"><\/i><\/a><\/span>\n<span class=\"sr-twitter\"><a data-id=\"twitter\" style=\"color:#ffffff;\" rel=\"nofollow\" href=\"https:\/\/twitter.com\/intent\/tweet?text=%20-%20%20\" target=\"_blank\" title=\"Tweet this !\"><i class=\"fab fa-twitter\"><\/i><\/a><\/span>\n<span class=\"sr-linkedin\"><a data-id=\"linkedin\" style=\"color:#ffffff;\" rel=\"nofollow\" href=\"https:\/\/www.linkedin.com\/sharing\/share-offsite\/?url=\" target=\"_blank\" title=\"Add this to LinkedIn\"><i class=\"fab fa-linkedin-in\"><\/i><\/a><\/span>\n<span class=\"sr-pdf\"><a data-id=\"pdf\" style=\"color:#ffffff;\" rel=\"nofollow\" href=\"https:\/\/www.printfriendly.com\/print?url=\" target=\"_blank\" title=\"Convert to PDF\"><i class=\"fa fa-file-pdf\"><\/i><\/a><\/span>\n<span class=\"sr-share-menu\"><a href=\"#\" target=\"_blank\" title=\"More share links\" style=\"color:#ffffff;\" data-metadata=\"{&quot;url&quot;:&quot;&quot;,&quot;title&quot;:&quot;&quot;,&quot;excerpt&quot;:&quot;&quot;,&quot;image&quot;:&quot;&quot;,&quot;short-url&quot;:&quot;&quot;,&quot;rss-url&quot;:&quot;http:\\\/\\\/www.historikerkomitee.de\\\/?feed=rss2&quot;,&quot;comments-section&quot;:&quot;comments&quot;,&quot;raw-url&quot;:null,&quot;twitter-username&quot;:&quot;&quot;,&quot;fb-app-id&quot;:&quot;&quot;,&quot;fb-app-secret&quot;:&quot;&quot;}\"><i class=\"fa fa-plus\"><\/i><\/a><\/span><\/div><\/div><\/div>","protected":false},"excerpt":{"rendered":"<p>Neue Ver\u00f6ffentlichung: Peter Karl Becker\/ Sebastian Liebold, Kleiner Markt im gro\u00dfen Plan. Drei Unternehmerinnen in der DDR, Sax Verlag, 2015, 80 Seiten, ISBN: 978-3-86729-145-3 Wie war das m\u00f6glich \u2013 private Unternehmen in der Planwirtschaft? Und Frauen an der Spitze? Peter Karl Becker und Sebastian Liebold stellen drei Unternehmerinnen vor, die mit ihrem von der Elterngeneration &hellip; <a href=\"http:\/\/www.historikerkomitee.de\/?p=2907\" class=\"more-link\">Continuer la lecture de <span class=\"screen-reader-text\">Kleiner Markt im gro\u00dfen Plan. Drei Unternehmerinnen in der DDR<\/span>  <span class=\"meta-nav\">&rarr;<\/span><\/a><\/p>\n","protected":false},"author":3,"featured_media":0,"comment_status":"closed","ping_status":"closed","sticky":false,"template":"","format":"standard","meta":[],"categories":[17],"tags":[30],"acf":[],"_links":{"self":[{"href":"http:\/\/www.historikerkomitee.de\/index.php?rest_route=\/wp\/v2\/posts\/2907"}],"collection":[{"href":"http:\/\/www.historikerkomitee.de\/index.php?rest_route=\/wp\/v2\/posts"}],"about":[{"href":"http:\/\/www.historikerkomitee.de\/index.php?rest_route=\/wp\/v2\/types\/post"}],"author":[{"embeddable":true,"href":"http:\/\/www.historikerkomitee.de\/index.php?rest_route=\/wp\/v2\/users\/3"}],"replies":[{"embeddable":true,"href":"http:\/\/www.historikerkomitee.de\/index.php?rest_route=%2Fwp%2Fv2%2Fcomments&post=2907"}],"version-history":[{"count":7,"href":"http:\/\/www.historikerkomitee.de\/index.php?rest_route=\/wp\/v2\/posts\/2907\/revisions"}],"predecessor-version":[{"id":2915,"href":"http:\/\/www.historikerkomitee.de\/index.php?rest_route=\/wp\/v2\/posts\/2907\/revisions\/2915"}],"wp:attachment":[{"href":"http:\/\/www.historikerkomitee.de\/index.php?rest_route=%2Fwp%2Fv2%2Fmedia&parent=2907"}],"wp:term":[{"taxonomy":"category","embeddable":true,"href":"http:\/\/www.historikerkomitee.de\/index.php?rest_route=%2Fwp%2Fv2%2Fcategories&post=2907"},{"taxonomy":"post_tag","embeddable":true,"href":"http:\/\/www.historikerkomitee.de\/index.php?rest_route=%2Fwp%2Fv2%2Ftags&post=2907"}],"curies":[{"name":"wp","href":"https:\/\/api.w.org\/{rel}","templated":true}]}}