{"id":2933,"date":"2015-05-20T16:00:21","date_gmt":"2015-05-20T14:00:21","guid":{"rendered":"http:\/\/www.historikerkomitee.de\/?p=2933"},"modified":"2015-05-21T15:13:33","modified_gmt":"2015-05-21T13:13:33","slug":"memoire-et-oubli-controverses-de-la-rome-antique-a-nos-jours","status":"publish","type":"post","link":"http:\/\/www.historikerkomitee.de\/?p=2933","title":{"rendered":"M\u00e9moire et oubli. Controverses de la Rome antique \u00e0 nos jours"},"content":{"rendered":"<div class=\"csl-bib-body\">\n<h3 class=\"csl-entry\" style=\"text-align: center;\">Michel De Waele, Stephan Martens (dir.)<br \/>\n<span style=\"color: #800000;\"><i>M\u00e9moire et oubli, Controverses de la Rome antique \u00e0 nos jours<\/i>,<\/span><br \/>\nPresses universitaires du Septentrion, <span class=\"DetailLabelText\">248 p., <\/span>2015<\/h3>\n<\/div>\n<p><img loading=\"lazy\" class=\"aligncenter\" src=\"http:\/\/www.septentrion.com\/fr\/Resources\/titles\/27574100840510\/Images\/27574100840510L.jpg\" alt=\"\" width=\"287\" height=\"431\" \/><\/p>\n<p>&nbsp;<\/p>\n<div class=\"csl-bib-body\">\n<p>S&rsquo;il est malsain pour une soci\u00e9t\u00e9 donn\u00e9e de ressasser continuellement le pass\u00e9, il peut \u00eatre tout aussi nuisible pour elle d\u2019avoir une mauvaise m\u00e9moire. Les peuples comme les hommes ne peuvent pas vivre sans \u00eatre un tant soit peu en paix avec leur m\u00e9moire.<br \/>\nIls ne peuvent pas vivre dans le refoulement. Aussi longtemps qu\u2019un travail sur le pass\u00e9 n\u2019est effectu\u00e9, le pr\u00e9sent peut \u00eatre gangren\u00e9 par des retours n\u00e9fastes. La gestion m\u00e9morielle d\u2019\u00e9v\u00e9nements historiques, de trag\u00e9dies, de drames reste donc un questionnement tr\u00e8s complexe.<br \/>\nUne solution se trouve dans la qu\u00eate d\u2019une \u00ab juste m\u00e9moire \u00bb, formulation emprunt\u00e9e \u00e0 Paul Ric\u0153ur dans La m\u00e9moire, l\u2019histoire, l\u2019oubli \u2013 ce fragile \u00e9quilibre entre l\u2019\u00e9valuation historique selon la pluralit\u00e9 des m\u00e9moires et la n\u00e9cessit\u00e9 d\u2019une distanciation critique \u2013 car, \u00e0 condition d\u2019\u00e9carter des malentendus propices aux pol\u00e9miques, les abus d\u2019oubli paraissent, en effet, aussi toxiques que les abus de m\u00e9moire. De la Rome antique \u00e0 nos jours : sur la base de la longue dur\u00e9e, les textes pr\u00e9sent\u00e9s par une \u00e9quipe internationale de chercheurs tentent ainsi de faire avancer le d\u00e9bat.<\/p>\n<ul>\n<li>En savoir plus: <a href=\"http:\/\/www.historikerkomitee.de\/wordpress\/wp-content\/uploads\/TAP_Martens_04-05-2015-light.pdf\" target=\"_blank\">voir la table des mati\u00e8res, la couverture et l&rsquo;article de Stephan Martens; \u00ab\u00a0L\u2019avenir du pass\u00e9. Pour une m\u00e9moire vivante\u00a0\u00bb<\/a><\/li>\n<li>Commander sur le <a href=\"http:\/\/www.septentrion.com\/fr\/livre\/?GCOI=27574100840510\" target=\"_blank\">site de l&rsquo;\u00e9diteur<\/a><\/li>\n<\/ul>\n<\/div>\n<div class=\"wp-socializer wpsr-share-icons\" data-lg-action=\"show\" data-sm-action=\"show\" data-sm-width=\"768\"><div class=\"wpsr-si-inner\"><div class=\"socializer sr-popup sr-32px sr-squircle sr-opacity sr-pad\"><span class=\"sr-facebook\"><a data-id=\"facebook\" style=\"color:#ffffff;\" rel=\"nofollow\" href=\"https:\/\/www.facebook.com\/share.php?u=\" target=\"_blank\" title=\"Share this on Facebook\"><i class=\"fab fa-facebook-f\"><\/i><\/a><\/span>\n<span class=\"sr-twitter\"><a data-id=\"twitter\" style=\"color:#ffffff;\" rel=\"nofollow\" href=\"https:\/\/twitter.com\/intent\/tweet?text=%20-%20%20\" target=\"_blank\" title=\"Tweet this !\"><i class=\"fab fa-twitter\"><\/i><\/a><\/span>\n<span class=\"sr-linkedin\"><a data-id=\"linkedin\" style=\"color:#ffffff;\" rel=\"nofollow\" href=\"https:\/\/www.linkedin.com\/sharing\/share-offsite\/?url=\" target=\"_blank\" title=\"Add this to LinkedIn\"><i class=\"fab fa-linkedin-in\"><\/i><\/a><\/span>\n<span class=\"sr-pdf\"><a data-id=\"pdf\" style=\"color:#ffffff;\" rel=\"nofollow\" href=\"https:\/\/www.printfriendly.com\/print?url=\" target=\"_blank\" title=\"Convert to PDF\"><i class=\"fa fa-file-pdf\"><\/i><\/a><\/span>\n<span class=\"sr-share-menu\"><a href=\"#\" target=\"_blank\" title=\"More share links\" style=\"color:#ffffff;\" data-metadata=\"{&quot;url&quot;:&quot;&quot;,&quot;title&quot;:&quot;&quot;,&quot;excerpt&quot;:&quot;&quot;,&quot;image&quot;:&quot;&quot;,&quot;short-url&quot;:&quot;&quot;,&quot;rss-url&quot;:&quot;http:\\\/\\\/www.historikerkomitee.de\\\/?feed=rss2&quot;,&quot;comments-section&quot;:&quot;comments&quot;,&quot;raw-url&quot;:null,&quot;twitter-username&quot;:&quot;&quot;,&quot;fb-app-id&quot;:&quot;&quot;,&quot;fb-app-secret&quot;:&quot;&quot;}\"><i class=\"fa fa-plus\"><\/i><\/a><\/span><\/div><\/div><\/div>","protected":false},"excerpt":{"rendered":"<p>Michel De Waele, Stephan Martens (dir.) M\u00e9moire et oubli, Controverses de la Rome antique \u00e0 nos jours, Presses universitaires du Septentrion, 248 p., 2015 &nbsp; S&rsquo;il est malsain pour une soci\u00e9t\u00e9 donn\u00e9e de ressasser continuellement le pass\u00e9, il peut \u00eatre tout aussi nuisible pour elle d\u2019avoir une mauvaise m\u00e9moire. Les peuples comme les hommes ne &hellip; <a href=\"http:\/\/www.historikerkomitee.de\/?p=2933\" class=\"more-link\">Continuer la lecture de <span class=\"screen-reader-text\">M\u00e9moire et oubli. Controverses de la Rome antique \u00e0 nos jours<\/span>  <span class=\"meta-nav\">&rarr;<\/span><\/a><\/p>\n","protected":false},"author":3,"featured_media":0,"comment_status":"closed","ping_status":"closed","sticky":false,"template":"","format":"standard","meta":[],"categories":[17],"tags":[],"acf":[],"_links":{"self":[{"href":"http:\/\/www.historikerkomitee.de\/index.php?rest_route=\/wp\/v2\/posts\/2933"}],"collection":[{"href":"http:\/\/www.historikerkomitee.de\/index.php?rest_route=\/wp\/v2\/posts"}],"about":[{"href":"http:\/\/www.historikerkomitee.de\/index.php?rest_route=\/wp\/v2\/types\/post"}],"author":[{"embeddable":true,"href":"http:\/\/www.historikerkomitee.de\/index.php?rest_route=\/wp\/v2\/users\/3"}],"replies":[{"embeddable":true,"href":"http:\/\/www.historikerkomitee.de\/index.php?rest_route=%2Fwp%2Fv2%2Fcomments&post=2933"}],"version-history":[{"count":3,"href":"http:\/\/www.historikerkomitee.de\/index.php?rest_route=\/wp\/v2\/posts\/2933\/revisions"}],"predecessor-version":[{"id":2937,"href":"http:\/\/www.historikerkomitee.de\/index.php?rest_route=\/wp\/v2\/posts\/2933\/revisions\/2937"}],"wp:attachment":[{"href":"http:\/\/www.historikerkomitee.de\/index.php?rest_route=%2Fwp%2Fv2%2Fmedia&parent=2933"}],"wp:term":[{"taxonomy":"category","embeddable":true,"href":"http:\/\/www.historikerkomitee.de\/index.php?rest_route=%2Fwp%2Fv2%2Fcategories&post=2933"},{"taxonomy":"post_tag","embeddable":true,"href":"http:\/\/www.historikerkomitee.de\/index.php?rest_route=%2Fwp%2Fv2%2Ftags&post=2933"}],"curies":[{"name":"wp","href":"https:\/\/api.w.org\/{rel}","templated":true}]}}