{"id":3012,"date":"2015-11-29T13:57:07","date_gmt":"2015-11-29T11:57:07","guid":{"rendered":"http:\/\/www.historikerkomitee.de\/?p=3012"},"modified":"2015-11-29T14:04:30","modified_gmt":"2015-11-29T12:04:30","slug":"geschichte-der-europaischen-universitat","status":"publish","type":"post","link":"http:\/\/www.historikerkomitee.de\/?p=3012","title":{"rendered":"Geschichte der europ\u00e4ischen Universit\u00e4t"},"content":{"rendered":"<div id=\"product-zone\" class=\"clearfix\">\n<div class=\"product-details\">\n<div class=\"product-properties\">\n<p class=\"book-author\">Nous sommes heureux d&rsquo;annoncer la derni\u00e8re publication de l&rsquo;un de nos membres, ancien pr\u00e9sident de notre comit\u00e9.<br \/>\n<span id=\"result_box\" class=\"\" lang=\"de\"><span class=\"hps\">Wir freuen uns,<\/span> <span class=\"hps\">die neueste Ver\u00f6ffentlichung von<\/span> <span class=\"hps\">einem unserer Mitglieder (<span id=\"result_box\" class=\"short_text\" lang=\"de\">ehemalige Vorsitzende unseres<\/span> Komitees)<\/span> <span class=\"hps\">bekannt zu machen.<\/span><\/span><\/p>\n<h3 class=\"book-subtitle\">Stefan Fisch,<em> Geschichte der europ\u00e4ischen Universit\u00e4t. Von Bologna nach Bologna,<\/em> 2015. 128 S.,ISBN\u00a0978-3-406-67667-3<\/h3>\n<p class=\"book-information-block double-space\"><img loading=\"lazy\" class=\"size-medium wp-image-3013 aligncenter\" src=\"http:\/\/www.historikerkomitee.de\/wordpress\/wp-content\/uploads\/StFischer-Universitat-196x300.jpg\" alt=\"StFischer-Universitat\" width=\"196\" height=\"300\" srcset=\"http:\/\/www.historikerkomitee.de\/wordpress\/wp-content\/uploads\/StFischer-Universitat-196x300.jpg 196w, http:\/\/www.historikerkomitee.de\/wordpress\/wp-content\/uploads\/StFischer-Universitat-98x150.jpg 98w, http:\/\/www.historikerkomitee.de\/wordpress\/wp-content\/uploads\/StFischer-Universitat.jpg 274w\" sizes=\"(max-width: 196px) 100vw, 196px\" \/><\/p>\n<p id=\"ctl00_ctl00__pageContentPlaceHolder__contentPlaceHolder__detailInfoRepeater_ctl04__infoContainer\" class=\"book-information-block double-space\">Das Werk ist Teil der Reihe: (C.H.Beck Wissen;\u00a02702) <span class=\"book-price\">8,95\u00a0\u20ac <\/span> <span class=\"book-price-information\"> \u00a0\u00a0inkl. MwSt. Auch als <a href=\"http:\/\/www.chbeck.de\/themenseite.aspx?toc=4071\" class=\"broken_link\" rel=\"nofollow\">E-Book<\/a> lieferbar.<br \/>\n<\/span><\/p>\n<p><em>Mehr zum Buch<\/em><\/p>\n<\/div>\n<div class=\"product-description\">\n<div class=\"content\">\n<div class=\"book-entry left\" style=\"text-align: justify;\">Salerno, Bologna, Paris \u2013 etwa ab dem elften Jahrhundert formieren sich in Europa neuartige Bildungseinrichtungen, die f\u00fcr die gesamte Entwicklung des Kontinents von herausragender Bedeutung werden sollten: die Universit\u00e4ten. Stefan Fisch schildert ebenso kenntnisreich wie konzise den Siegeszug der institutionellen Organisation von Wissen und Wissenschaft, erl\u00e4utert die unterschiedlichen Konzepte und nimmt auch schwere Krisen der Universit\u00e4ten, wie ihre Pervertierung im Nationalsozialismus, in den Blick. Sein Buch ist eine vorz\u00fcgliche Einf\u00fchrung in die Geschichte einer der wichtigsten Errungenschaften der europ\u00e4ischen Kultur.<\/div>\n<div class=\"book-entry left\"><\/div>\n<div class=\"book-entry left\" style=\"text-align: justify;\">Stefan Fisch ist Professor f\u00fcr Neuere und Neueste Geschichte an der Deutschen Universit\u00e4t f\u00fcr Verwaltungswissenschaften Speyer<\/p>\n<ul>\n<li class=\"extract-details\"><span class=\"extract-label\">Leseprobe: <\/span><span class=\"extract-download\"><a class=\"extract-link broken_link\" title=\"\" href=\"http:\/\/www.chbeck.de\/fachbuch\/zusatzinfos\/Leseprobe_Geschichte-der-europ%C3%A4ischen-Universit%C3%A4t.pdf\" rel=\"nofollow\">Herunterladen<\/a> &#8211; <span class=\"extract-filetype\">Adobe PDF<\/span> (<span class=\"extra-filesize\">1,01 MB<\/span>) <\/span><\/li>\n<\/ul>\n<div class=\"extract-details\">Pressestimmen:<br \/>\n\u00ab\u00a0Ein lesenswertes Buch.\u201c Udo Gr\u00fcn, Der blaue Reiter, 37\/2015<br \/>\n\u00ab\u00a0Eine gewinnbringende Darstellung.\u201c Benedikt Schulz, Deutschlandfunk, M\u00e4rz 2015<\/div>\n<\/div>\n<\/div>\n<\/div>\n<\/div>\n<\/div>\n<div class=\"wp-socializer wpsr-share-icons\" data-lg-action=\"show\" data-sm-action=\"show\" data-sm-width=\"768\"><div class=\"wpsr-si-inner\"><div class=\"socializer sr-popup sr-32px sr-squircle sr-opacity sr-pad\"><span class=\"sr-facebook\"><a data-id=\"facebook\" style=\"color:#ffffff;\" rel=\"nofollow\" href=\"https:\/\/www.facebook.com\/share.php?u=\" target=\"_blank\" title=\"Share this on Facebook\"><i class=\"fab fa-facebook-f\"><\/i><\/a><\/span>\n<span class=\"sr-twitter\"><a data-id=\"twitter\" style=\"color:#ffffff;\" rel=\"nofollow\" href=\"https:\/\/twitter.com\/intent\/tweet?text=%20-%20%20\" target=\"_blank\" title=\"Tweet this !\"><i class=\"fab fa-twitter\"><\/i><\/a><\/span>\n<span class=\"sr-linkedin\"><a data-id=\"linkedin\" style=\"color:#ffffff;\" rel=\"nofollow\" href=\"https:\/\/www.linkedin.com\/sharing\/share-offsite\/?url=\" target=\"_blank\" title=\"Add this to LinkedIn\"><i class=\"fab fa-linkedin-in\"><\/i><\/a><\/span>\n<span class=\"sr-pdf\"><a data-id=\"pdf\" style=\"color:#ffffff;\" rel=\"nofollow\" href=\"https:\/\/www.printfriendly.com\/print?url=\" target=\"_blank\" title=\"Convert to PDF\"><i class=\"fa fa-file-pdf\"><\/i><\/a><\/span>\n<span class=\"sr-share-menu\"><a href=\"#\" target=\"_blank\" title=\"More share links\" style=\"color:#ffffff;\" data-metadata=\"{&quot;url&quot;:&quot;&quot;,&quot;title&quot;:&quot;&quot;,&quot;excerpt&quot;:&quot;&quot;,&quot;image&quot;:&quot;&quot;,&quot;short-url&quot;:&quot;&quot;,&quot;rss-url&quot;:&quot;http:\\\/\\\/www.historikerkomitee.de\\\/?feed=rss2&quot;,&quot;comments-section&quot;:&quot;comments&quot;,&quot;raw-url&quot;:null,&quot;twitter-username&quot;:&quot;&quot;,&quot;fb-app-id&quot;:&quot;&quot;,&quot;fb-app-secret&quot;:&quot;&quot;}\"><i class=\"fa fa-plus\"><\/i><\/a><\/span><\/div><\/div><\/div>","protected":false},"excerpt":{"rendered":"<p>Nous sommes heureux d&rsquo;annoncer la derni\u00e8re publication de l&rsquo;un de nos membres, ancien pr\u00e9sident de notre comit\u00e9. Wir freuen uns, die neueste Ver\u00f6ffentlichung von einem unserer Mitglieder (ehemalige Vorsitzende unseres Komitees) bekannt zu machen. Stefan Fisch, Geschichte der europ\u00e4ischen Universit\u00e4t. Von Bologna nach Bologna, 2015. 128 S.,ISBN\u00a0978-3-406-67667-3 Das Werk ist Teil der Reihe: (C.H.Beck Wissen;\u00a02702) &hellip; <a href=\"http:\/\/www.historikerkomitee.de\/?p=3012\" class=\"more-link\">Continuer la lecture de <span class=\"screen-reader-text\">Geschichte der europ\u00e4ischen Universit\u00e4t<\/span>  <span class=\"meta-nav\">&rarr;<\/span><\/a><\/p>\n","protected":false},"author":3,"featured_media":0,"comment_status":"closed","ping_status":"closed","sticky":false,"template":"","format":"standard","meta":[],"categories":[17],"tags":[44],"acf":[],"_links":{"self":[{"href":"http:\/\/www.historikerkomitee.de\/index.php?rest_route=\/wp\/v2\/posts\/3012"}],"collection":[{"href":"http:\/\/www.historikerkomitee.de\/index.php?rest_route=\/wp\/v2\/posts"}],"about":[{"href":"http:\/\/www.historikerkomitee.de\/index.php?rest_route=\/wp\/v2\/types\/post"}],"author":[{"embeddable":true,"href":"http:\/\/www.historikerkomitee.de\/index.php?rest_route=\/wp\/v2\/users\/3"}],"replies":[{"embeddable":true,"href":"http:\/\/www.historikerkomitee.de\/index.php?rest_route=%2Fwp%2Fv2%2Fcomments&post=3012"}],"version-history":[{"count":4,"href":"http:\/\/www.historikerkomitee.de\/index.php?rest_route=\/wp\/v2\/posts\/3012\/revisions"}],"predecessor-version":[{"id":3017,"href":"http:\/\/www.historikerkomitee.de\/index.php?rest_route=\/wp\/v2\/posts\/3012\/revisions\/3017"}],"wp:attachment":[{"href":"http:\/\/www.historikerkomitee.de\/index.php?rest_route=%2Fwp%2Fv2%2Fmedia&parent=3012"}],"wp:term":[{"taxonomy":"category","embeddable":true,"href":"http:\/\/www.historikerkomitee.de\/index.php?rest_route=%2Fwp%2Fv2%2Fcategories&post=3012"},{"taxonomy":"post_tag","embeddable":true,"href":"http:\/\/www.historikerkomitee.de\/index.php?rest_route=%2Fwp%2Fv2%2Ftags&post=3012"}],"curies":[{"name":"wp","href":"https:\/\/api.w.org\/{rel}","templated":true}]}}