{"id":3025,"date":"2016-01-03T13:02:32","date_gmt":"2016-01-03T11:02:32","guid":{"rendered":"http:\/\/www.historikerkomitee.de\/?p=3025"},"modified":"2019-03-07T13:03:25","modified_gmt":"2019-03-07T11:03:25","slug":"3025","status":"publish","type":"post","link":"http:\/\/www.historikerkomitee.de\/?p=3025","title":{"rendered":"New Year"},"content":{"rendered":"<h4 style=\"text-align: center;\"><img loading=\"lazy\" class=\"size-medium wp-image-3026\" src=\"http:\/\/www.historikerkomitee.de\/wordpress\/wp-content\/uploads\/Frohes-neues-Jahr-2016-mit-Feuerwerk-300x144.jpg\" alt=\"Frohes-neues-Jahr-2016-mit-Feuerwerk\" width=\"300\" height=\"144\" srcset=\"http:\/\/www.historikerkomitee.de\/wordpress\/wp-content\/uploads\/Frohes-neues-Jahr-2016-mit-Feuerwerk-300x144.jpg 300w, http:\/\/www.historikerkomitee.de\/wordpress\/wp-content\/uploads\/Frohes-neues-Jahr-2016-mit-Feuerwerk-150x72.jpg 150w, http:\/\/www.historikerkomitee.de\/wordpress\/wp-content\/uploads\/Frohes-neues-Jahr-2016-mit-Feuerwerk.jpg 537w\" sizes=\"(max-width: 300px) 100vw, 300px\" \/><\/h4>\n<h4 style=\"text-align: justify;\">Liebe Kolleginnen und Kollegen,<\/h4>\n<h4 style=\"text-align: center;\"><\/h4>\n<h4 style=\"text-align: justify;\">der Vorstand des deutsch-franz\u00f6sischen Historikerkomitees w\u00fcnscht Ihnen einen guten Beginn des neuen Jahres.<\/h4>\n<h4 style=\"text-align: justify;\">Mit herzlichen Gr\u00fc\u00dfen<\/h4>\n<h4 style=\"text-align: justify;\">Ihre H\u00e9l\u00e8ne Miard-Delacroix<br \/>\nPr\u00e4sidentin<\/h4>\n<p style=\"text-align: center;\"><img loading=\"lazy\" class=\" size-medium wp-image-3028 aligncenter\" src=\"http:\/\/www.historikerkomitee.de\/wordpress\/wp-content\/uploads\/line_2tone-300x9.gif\" alt=\"line_2tone\" width=\"300\" height=\"9\" srcset=\"http:\/\/www.historikerkomitee.de\/wordpress\/wp-content\/uploads\/line_2tone-300x9.gif 300w, http:\/\/www.historikerkomitee.de\/wordpress\/wp-content\/uploads\/line_2tone-150x5.gif 150w\" sizes=\"(max-width: 300px) 100vw, 300px\" \/><\/p>\n<h4 style=\"text-align: justify;\"><span style=\"color: #003300;\">Ch\u00e8res et chers coll\u00e8gues, <\/span><\/h4>\n<h4 style=\"text-align: justify;\"><span style=\"color: #003300;\">Le bureau du comit\u00e9 franco-allemand des historiens pr\u00e9sente \u00e0 tous ses membres les v\u0153ux les meilleurs pour l&rsquo;ann\u00e9e 2016. <\/span><\/h4>\n<h4 style=\"text-align: justify;\"><span style=\"color: #003300;\">La pr\u00e9sidente <\/span><br \/>\n<span style=\"color: #003300;\"> H\u00e9l\u00e8ne Miard-Delacroix<\/span><\/h4>\n<div class=\"wp-socializer wpsr-share-icons\" data-lg-action=\"show\" data-sm-action=\"show\" data-sm-width=\"768\"><div class=\"wpsr-si-inner\"><div class=\"socializer sr-popup sr-32px sr-squircle sr-opacity sr-pad\"><span class=\"sr-facebook\"><a data-id=\"facebook\" style=\"color:#ffffff;\" rel=\"nofollow\" href=\"https:\/\/www.facebook.com\/share.php?u=\" target=\"_blank\" title=\"Share this on Facebook\"><i class=\"fab fa-facebook-f\"><\/i><\/a><\/span>\n<span class=\"sr-twitter\"><a data-id=\"twitter\" style=\"color:#ffffff;\" rel=\"nofollow\" href=\"https:\/\/twitter.com\/intent\/tweet?text=%20-%20%20\" target=\"_blank\" title=\"Tweet this !\"><i class=\"fab fa-twitter\"><\/i><\/a><\/span>\n<span class=\"sr-linkedin\"><a data-id=\"linkedin\" style=\"color:#ffffff;\" rel=\"nofollow\" href=\"https:\/\/www.linkedin.com\/sharing\/share-offsite\/?url=\" target=\"_blank\" title=\"Add this to LinkedIn\"><i class=\"fab fa-linkedin-in\"><\/i><\/a><\/span>\n<span class=\"sr-pdf\"><a data-id=\"pdf\" style=\"color:#ffffff;\" rel=\"nofollow\" href=\"https:\/\/www.printfriendly.com\/print?url=\" target=\"_blank\" title=\"Convert to PDF\"><i class=\"fa fa-file-pdf\"><\/i><\/a><\/span>\n<span class=\"sr-share-menu\"><a href=\"#\" target=\"_blank\" title=\"More share links\" style=\"color:#ffffff;\" data-metadata=\"{&quot;url&quot;:&quot;&quot;,&quot;title&quot;:&quot;&quot;,&quot;excerpt&quot;:&quot;&quot;,&quot;image&quot;:&quot;&quot;,&quot;short-url&quot;:&quot;&quot;,&quot;rss-url&quot;:&quot;http:\\\/\\\/www.historikerkomitee.de\\\/?feed=rss2&quot;,&quot;comments-section&quot;:&quot;comments&quot;,&quot;raw-url&quot;:null,&quot;twitter-username&quot;:&quot;&quot;,&quot;fb-app-id&quot;:&quot;&quot;,&quot;fb-app-secret&quot;:&quot;&quot;}\"><i class=\"fa fa-plus\"><\/i><\/a><\/span><\/div><\/div><\/div>","protected":false},"excerpt":{"rendered":"<p>Liebe Kolleginnen und Kollegen, der Vorstand des deutsch-franz\u00f6sischen Historikerkomitees w\u00fcnscht Ihnen einen guten Beginn des neuen Jahres. Mit herzlichen Gr\u00fc\u00dfen Ihre H\u00e9l\u00e8ne Miard-Delacroix Pr\u00e4sidentin Ch\u00e8res et chers coll\u00e8gues, Le bureau du comit\u00e9 franco-allemand des historiens pr\u00e9sente \u00e0 tous ses membres les v\u0153ux les meilleurs pour l&rsquo;ann\u00e9e 2016. La pr\u00e9sidente H\u00e9l\u00e8ne Miard-Delacroix<\/p>\n","protected":false},"author":3,"featured_media":0,"comment_status":"closed","ping_status":"closed","sticky":false,"template":"","format":"standard","meta":[],"categories":[38],"tags":[],"acf":[],"_links":{"self":[{"href":"http:\/\/www.historikerkomitee.de\/index.php?rest_route=\/wp\/v2\/posts\/3025"}],"collection":[{"href":"http:\/\/www.historikerkomitee.de\/index.php?rest_route=\/wp\/v2\/posts"}],"about":[{"href":"http:\/\/www.historikerkomitee.de\/index.php?rest_route=\/wp\/v2\/types\/post"}],"author":[{"embeddable":true,"href":"http:\/\/www.historikerkomitee.de\/index.php?rest_route=\/wp\/v2\/users\/3"}],"replies":[{"embeddable":true,"href":"http:\/\/www.historikerkomitee.de\/index.php?rest_route=%2Fwp%2Fv2%2Fcomments&post=3025"}],"version-history":[{"count":3,"href":"http:\/\/www.historikerkomitee.de\/index.php?rest_route=\/wp\/v2\/posts\/3025\/revisions"}],"predecessor-version":[{"id":3031,"href":"http:\/\/www.historikerkomitee.de\/index.php?rest_route=\/wp\/v2\/posts\/3025\/revisions\/3031"}],"wp:attachment":[{"href":"http:\/\/www.historikerkomitee.de\/index.php?rest_route=%2Fwp%2Fv2%2Fmedia&parent=3025"}],"wp:term":[{"taxonomy":"category","embeddable":true,"href":"http:\/\/www.historikerkomitee.de\/index.php?rest_route=%2Fwp%2Fv2%2Fcategories&post=3025"},{"taxonomy":"post_tag","embeddable":true,"href":"http:\/\/www.historikerkomitee.de\/index.php?rest_route=%2Fwp%2Fv2%2Ftags&post=3025"}],"curies":[{"name":"wp","href":"https:\/\/api.w.org\/{rel}","templated":true}]}}