{"id":3042,"date":"2016-02-03T22:11:56","date_gmt":"2016-02-03T20:11:56","guid":{"rendered":"http:\/\/www.historikerkomitee.de\/?p=3042"},"modified":"2019-03-07T13:02:27","modified_gmt":"2019-03-07T11:02:27","slug":"table-ronde-autour-de-mein-kampf","status":"publish","type":"post","link":"http:\/\/www.historikerkomitee.de\/?p=3042","title":{"rendered":"Table ronde autour de Mein Kampf"},"content":{"rendered":"<h3 style=\"text-align: center;\">Table ronde autour de <em>Mein Kampf<\/em><\/h3>\n<h4 style=\"text-align: center;\"><span style=\"color: #cf1717;\">Vendredi 4 mars 2015<\/span><br \/>\n15h30-17h30<br \/>\nUniversit\u00e9 Bordeaux Montaigne<\/h4>\n<p style=\"text-align: center;\"><img loading=\"lazy\" class=\" size-medium wp-image-3043 aligncenter\" src=\"http:\/\/www.historikerkomitee.de\/wordpress\/wp-content\/uploads\/affiche-Mein-Kampf-UBM-e1454530291972-300x268.jpg\" alt=\"affiche Mein Kampf UBM\" width=\"300\" height=\"268\" srcset=\"http:\/\/www.historikerkomitee.de\/wordpress\/wp-content\/uploads\/affiche-Mein-Kampf-UBM-e1454530291972-300x268.jpg 300w, http:\/\/www.historikerkomitee.de\/wordpress\/wp-content\/uploads\/affiche-Mein-Kampf-UBM-e1454530291972-150x134.jpg 150w, http:\/\/www.historikerkomitee.de\/wordpress\/wp-content\/uploads\/affiche-Mein-Kampf-UBM-e1454530291972.jpg 496w\" sizes=\"(max-width: 300px) 100vw, 300px\" \/><\/p>\n<p>&nbsp;<\/p>\n<p style=\"text-align: justify;\">A l&rsquo;occasion de la parution prochaine chez Fayard d\u2019une traduction comment\u00e9e de <em>Mein Kampf,<\/em> son traducteur <strong>Olivier Mannoni<\/strong> et l\u2019historien <strong>Nicolas Patin,<\/strong> ma\u00eetre de conf\u00e9rences \u00e0 [Universit\u00e9 Bordeaux Montaigne et membre de l\u2019\u00e9quipe \u00e9ditoriale, reviendront sur la pol\u00e9mique autour de sa parution, les choix \u00e9ditoriaux et les probl\u00e8mes de traduction inh\u00e9rents \u00e0 ce texte.<\/p>\n<p style=\"text-align: center;\"><strong>D\u00e9bat anim\u00e9 par V\u00e9ronique B\u00e9ghain et H\u00e9l\u00e8ne Camarade.<\/strong><\/p>\n<p>&nbsp;<\/p>\n<p>Universit\u00e9 Bordeaux Montaigne<br \/>\nAmphi Lef\u00e8vre<br \/>\nEsplanade des Antilles, Pessac<br \/>\n(tram B, arr\u00eat \u00ab Montaigne &#8211; Montesquieu \u00bb)<\/p>\n<div class=\"wp-socializer wpsr-share-icons\" data-lg-action=\"show\" data-sm-action=\"show\" data-sm-width=\"768\"><div class=\"wpsr-si-inner\"><div class=\"socializer sr-popup sr-32px sr-squircle sr-opacity sr-pad\"><span class=\"sr-facebook\"><a data-id=\"facebook\" style=\"color:#ffffff;\" rel=\"nofollow\" href=\"https:\/\/www.facebook.com\/share.php?u=\" target=\"_blank\" title=\"Share this on Facebook\"><i class=\"fab fa-facebook-f\"><\/i><\/a><\/span>\n<span class=\"sr-twitter\"><a data-id=\"twitter\" style=\"color:#ffffff;\" rel=\"nofollow\" href=\"https:\/\/twitter.com\/intent\/tweet?text=%20-%20%20\" target=\"_blank\" title=\"Tweet this !\"><i class=\"fab fa-twitter\"><\/i><\/a><\/span>\n<span class=\"sr-linkedin\"><a data-id=\"linkedin\" style=\"color:#ffffff;\" rel=\"nofollow\" href=\"https:\/\/www.linkedin.com\/sharing\/share-offsite\/?url=\" target=\"_blank\" title=\"Add this to LinkedIn\"><i class=\"fab fa-linkedin-in\"><\/i><\/a><\/span>\n<span class=\"sr-pdf\"><a data-id=\"pdf\" style=\"color:#ffffff;\" rel=\"nofollow\" href=\"https:\/\/www.printfriendly.com\/print?url=\" target=\"_blank\" title=\"Convert to PDF\"><i class=\"fa fa-file-pdf\"><\/i><\/a><\/span>\n<span class=\"sr-share-menu\"><a href=\"#\" target=\"_blank\" title=\"More share links\" style=\"color:#ffffff;\" data-metadata=\"{&quot;url&quot;:&quot;&quot;,&quot;title&quot;:&quot;&quot;,&quot;excerpt&quot;:&quot;&quot;,&quot;image&quot;:&quot;&quot;,&quot;short-url&quot;:&quot;&quot;,&quot;rss-url&quot;:&quot;http:\\\/\\\/www.historikerkomitee.de\\\/?feed=rss2&quot;,&quot;comments-section&quot;:&quot;comments&quot;,&quot;raw-url&quot;:null,&quot;twitter-username&quot;:&quot;&quot;,&quot;fb-app-id&quot;:&quot;&quot;,&quot;fb-app-secret&quot;:&quot;&quot;}\"><i class=\"fa fa-plus\"><\/i><\/a><\/span><\/div><\/div><\/div>","protected":false},"excerpt":{"rendered":"<p>Table ronde autour de Mein Kampf Vendredi 4 mars 2015 15h30-17h30 Universit\u00e9 Bordeaux Montaigne &nbsp; A l&rsquo;occasion de la parution prochaine chez Fayard d\u2019une traduction comment\u00e9e de Mein Kampf, son traducteur Olivier Mannoni et l\u2019historien Nicolas Patin, ma\u00eetre de conf\u00e9rences \u00e0 [Universit\u00e9 Bordeaux Montaigne et membre de l\u2019\u00e9quipe \u00e9ditoriale, reviendront sur la pol\u00e9mique autour de &hellip; <a href=\"http:\/\/www.historikerkomitee.de\/?p=3042\" class=\"more-link\">Continuer la lecture de <span class=\"screen-reader-text\">Table ronde autour de Mein Kampf<\/span>  <span class=\"meta-nav\">&rarr;<\/span><\/a><\/p>\n","protected":false},"author":3,"featured_media":0,"comment_status":"closed","ping_status":"closed","sticky":false,"template":"","format":"standard","meta":[],"categories":[33],"tags":[],"acf":[],"_links":{"self":[{"href":"http:\/\/www.historikerkomitee.de\/index.php?rest_route=\/wp\/v2\/posts\/3042"}],"collection":[{"href":"http:\/\/www.historikerkomitee.de\/index.php?rest_route=\/wp\/v2\/posts"}],"about":[{"href":"http:\/\/www.historikerkomitee.de\/index.php?rest_route=\/wp\/v2\/types\/post"}],"author":[{"embeddable":true,"href":"http:\/\/www.historikerkomitee.de\/index.php?rest_route=\/wp\/v2\/users\/3"}],"replies":[{"embeddable":true,"href":"http:\/\/www.historikerkomitee.de\/index.php?rest_route=%2Fwp%2Fv2%2Fcomments&post=3042"}],"version-history":[{"count":3,"href":"http:\/\/www.historikerkomitee.de\/index.php?rest_route=\/wp\/v2\/posts\/3042\/revisions"}],"predecessor-version":[{"id":3046,"href":"http:\/\/www.historikerkomitee.de\/index.php?rest_route=\/wp\/v2\/posts\/3042\/revisions\/3046"}],"wp:attachment":[{"href":"http:\/\/www.historikerkomitee.de\/index.php?rest_route=%2Fwp%2Fv2%2Fmedia&parent=3042"}],"wp:term":[{"taxonomy":"category","embeddable":true,"href":"http:\/\/www.historikerkomitee.de\/index.php?rest_route=%2Fwp%2Fv2%2Fcategories&post=3042"},{"taxonomy":"post_tag","embeddable":true,"href":"http:\/\/www.historikerkomitee.de\/index.php?rest_route=%2Fwp%2Fv2%2Ftags&post=3042"}],"curies":[{"name":"wp","href":"https:\/\/api.w.org\/{rel}","templated":true}]}}