{"id":3051,"date":"2016-02-14T09:29:45","date_gmt":"2016-02-14T07:29:45","guid":{"rendered":"http:\/\/www.historikerkomitee.de\/?p=3051"},"modified":"2022-05-04T10:19:58","modified_gmt":"2022-05-04T08:19:58","slug":"historische-und-aktuelle-karikaturen-zu-den-deutsch-franzosischen-beziehungen","status":"publish","type":"post","link":"http:\/\/www.historikerkomitee.de\/?p=3051","title":{"rendered":"Historische und aktuelle Karikaturen zu den deutsch-franz\u00f6sischen Beziehungen"},"content":{"rendered":"<h3 style=\"text-align: center;\"><span style=\"color: #7a0d0d;\">Marianne und Germania<\/span><br \/>\n<span style=\"color: #7a0d0d;\">Historische und aktuelle Karikaturen zu den deutsch-franz\u00f6sischen Beziehungen<\/span><br \/>\nmit Arbeiten von Klaus Stuttmann und Plantu<\/h3>\n<p style=\"text-align: center;\"><img loading=\"lazy\" class=\" wp-image-3052 aligncenter\" src=\"http:\/\/www.historikerkomitee.de\/wordpress\/wp-content\/uploads\/Marianne-Germania21-300x155.jpg\" alt=\"Marianne-Germania2\" width=\"408\" height=\"211\" srcset=\"http:\/\/www.historikerkomitee.de\/wordpress\/wp-content\/uploads\/Marianne-Germania21-300x155.jpg 300w, http:\/\/www.historikerkomitee.de\/wordpress\/wp-content\/uploads\/Marianne-Germania21-150x77.jpg 150w, http:\/\/www.historikerkomitee.de\/wordpress\/wp-content\/uploads\/Marianne-Germania21.jpg 411w\" sizes=\"(max-width: 408px) 100vw, 408px\" \/><\/p>\n<p style=\"text-align: center;\">Ausstellung in der<strong> Studiengalerie der PH Ludwigsburg<\/strong><br \/>\nAusstellungsdauer: <strong>27. Januar &#8211; 1. April 2016<\/strong><\/p>\n<p>Die deutsch-franz\u00f6sischen Beziehungen &#8211; personifiziert durch die beiden Nationalheldinnen Marianne und Germania &#8211; wurden in zahlreichen Karikaturen illustriert.<br \/>\nIn der von Prof. Dr. Ursula E. Koch konzipierten Wanderausstellung sind historische Grafiken von 1550 bis zur Gegenwart zu sehen, die sowohl pr\u00e4gnante Selbstbilder als auch das Verh\u00e4ltnis zum jeweiligen Nachbarland im historischen Kontext pointiert darstellen.<br \/>\nErg\u00e4nzt wird die Sammlung durch aktuelle Arbeiten der beiden Karikaturisten Klaus Stuttmann f\u00fcr Deutschland (u.a. Der Tagesspiegel, Berlin) und Plantu f\u00fcr Frankreich (Le Monde, L\u2018Express, Paris).<\/p>\n<div class=\"wp-socializer wpsr-share-icons\" data-lg-action=\"show\" data-sm-action=\"show\" data-sm-width=\"768\"><div class=\"wpsr-si-inner\"><div class=\"socializer sr-popup sr-32px sr-squircle sr-opacity sr-pad\"><span class=\"sr-facebook\"><a data-id=\"facebook\" style=\"color:#ffffff;\" rel=\"nofollow\" href=\"https:\/\/www.facebook.com\/share.php?u=\" target=\"_blank\" title=\"Share this on Facebook\"><i class=\"fab fa-facebook-f\"><\/i><\/a><\/span>\n<span class=\"sr-twitter\"><a data-id=\"twitter\" style=\"color:#ffffff;\" rel=\"nofollow\" href=\"https:\/\/twitter.com\/intent\/tweet?text=%20-%20%20\" target=\"_blank\" title=\"Tweet this !\"><i class=\"fab fa-twitter\"><\/i><\/a><\/span>\n<span class=\"sr-linkedin\"><a data-id=\"linkedin\" style=\"color:#ffffff;\" rel=\"nofollow\" href=\"https:\/\/www.linkedin.com\/sharing\/share-offsite\/?url=\" target=\"_blank\" title=\"Add this to LinkedIn\"><i class=\"fab fa-linkedin-in\"><\/i><\/a><\/span>\n<span class=\"sr-pdf\"><a data-id=\"pdf\" style=\"color:#ffffff;\" rel=\"nofollow\" href=\"https:\/\/www.printfriendly.com\/print?url=\" target=\"_blank\" title=\"Convert to PDF\"><i class=\"fa fa-file-pdf\"><\/i><\/a><\/span>\n<span class=\"sr-share-menu\"><a href=\"#\" target=\"_blank\" title=\"More share links\" style=\"color:#ffffff;\" data-metadata=\"{&quot;url&quot;:&quot;&quot;,&quot;title&quot;:&quot;&quot;,&quot;excerpt&quot;:&quot;&quot;,&quot;image&quot;:&quot;&quot;,&quot;short-url&quot;:&quot;&quot;,&quot;rss-url&quot;:&quot;http:\\\/\\\/www.historikerkomitee.de\\\/?feed=rss2&quot;,&quot;comments-section&quot;:&quot;comments&quot;,&quot;raw-url&quot;:null,&quot;twitter-username&quot;:&quot;&quot;,&quot;fb-app-id&quot;:&quot;&quot;,&quot;fb-app-secret&quot;:&quot;&quot;}\"><i class=\"fa fa-plus\"><\/i><\/a><\/span><\/div><\/div><\/div>","protected":false},"excerpt":{"rendered":"<p>Marianne und Germania Historische und aktuelle Karikaturen zu den deutsch-franz\u00f6sischen Beziehungen mit Arbeiten von Klaus Stuttmann und Plantu Ausstellung in der Studiengalerie der PH Ludwigsburg Ausstellungsdauer: 27. Januar &#8211; 1. April 2016 Die deutsch-franz\u00f6sischen Beziehungen &#8211; personifiziert durch die beiden Nationalheldinnen Marianne und Germania &#8211; wurden in zahlreichen Karikaturen illustriert. In der von Prof. Dr. &hellip; <a href=\"http:\/\/www.historikerkomitee.de\/?p=3051\" class=\"more-link\">Continuer la lecture de <span class=\"screen-reader-text\">Historische und aktuelle Karikaturen zu den deutsch-franz\u00f6sischen Beziehungen<\/span>  <span class=\"meta-nav\">&rarr;<\/span><\/a><\/p>\n","protected":false},"author":3,"featured_media":0,"comment_status":"closed","ping_status":"closed","sticky":false,"template":"","format":"standard","meta":[],"categories":[80],"tags":[],"acf":[],"_links":{"self":[{"href":"http:\/\/www.historikerkomitee.de\/index.php?rest_route=\/wp\/v2\/posts\/3051"}],"collection":[{"href":"http:\/\/www.historikerkomitee.de\/index.php?rest_route=\/wp\/v2\/posts"}],"about":[{"href":"http:\/\/www.historikerkomitee.de\/index.php?rest_route=\/wp\/v2\/types\/post"}],"author":[{"embeddable":true,"href":"http:\/\/www.historikerkomitee.de\/index.php?rest_route=\/wp\/v2\/users\/3"}],"replies":[{"embeddable":true,"href":"http:\/\/www.historikerkomitee.de\/index.php?rest_route=%2Fwp%2Fv2%2Fcomments&post=3051"}],"version-history":[{"count":1,"href":"http:\/\/www.historikerkomitee.de\/index.php?rest_route=\/wp\/v2\/posts\/3051\/revisions"}],"predecessor-version":[{"id":3053,"href":"http:\/\/www.historikerkomitee.de\/index.php?rest_route=\/wp\/v2\/posts\/3051\/revisions\/3053"}],"wp:attachment":[{"href":"http:\/\/www.historikerkomitee.de\/index.php?rest_route=%2Fwp%2Fv2%2Fmedia&parent=3051"}],"wp:term":[{"taxonomy":"category","embeddable":true,"href":"http:\/\/www.historikerkomitee.de\/index.php?rest_route=%2Fwp%2Fv2%2Fcategories&post=3051"},{"taxonomy":"post_tag","embeddable":true,"href":"http:\/\/www.historikerkomitee.de\/index.php?rest_route=%2Fwp%2Fv2%2Ftags&post=3051"}],"curies":[{"name":"wp","href":"https:\/\/api.w.org\/{rel}","templated":true}]}}