{"id":3066,"date":"2015-12-20T08:00:46","date_gmt":"2015-12-20T06:00:46","guid":{"rendered":"http:\/\/www.historikerkomitee.de\/?p=3066"},"modified":"2016-04-04T01:03:43","modified_gmt":"2016-04-03T23:03:43","slug":"in-memoriam-marianne-walle-1932-2015","status":"publish","type":"post","link":"http:\/\/www.historikerkomitee.de\/?p=3066","title":{"rendered":"In Memoriam : Marianne Walle (1932-2015)"},"content":{"rendered":"<h3 style=\"text-align: justify;\">In Memoriam : Marianne Walle (1932-2015)<\/h3>\n<p><img loading=\"lazy\" class=\"size-medium wp-image-3067 aligncenter\" src=\"http:\/\/www.historikerkomitee.de\/wordpress\/wp-content\/uploads\/Marianne-Walle-recadr\u00e9-300x233.jpg\" alt=\"Marianne Walle - recadr\u00e9\" width=\"300\" height=\"233\" srcset=\"http:\/\/www.historikerkomitee.de\/wordpress\/wp-content\/uploads\/Marianne-Walle-recadr\u00e9.jpg 300w, http:\/\/www.historikerkomitee.de\/wordpress\/wp-content\/uploads\/Marianne-Walle-recadr\u00e9-150x117.jpg 150w\" sizes=\"(max-width: 300px) 100vw, 300px\" \/><\/p>\n<p style=\"text-align: justify;\">C\u2019est avec une grande tristesse que nous avons appris la disparition le 22 octobre 2015 de notre coll\u00e8gue germaniste Marianne Walle.<\/p>\n<p style=\"text-align: justify;\">Longtemps professeure de lyc\u00e9e, menant de front enseignement et recherche, Marianne Walle a \u00e9t\u00e9 nomm\u00e9e Ma\u00eetre de conf\u00e9rences en 1988 puis, en 1990, a occup\u00e9 le poste de Professeur en civilisation germanique \u00e0 l\u2019Universit\u00e9 de Rouen, participant activement, bien au-del\u00e0 de sa retraite, aux travaux du GRHis (Groupe de recherche en histoire dirig\u00e9 par Paul Pasteur) et du Centre d\u2019Etudes et de Recherches Autrichiennes de cette universit\u00e9. Marianne Walle a \u00e9t\u00e9 membre actif de nombreuses associations dont, entre autres, le Comit\u00e9 franco-allemand des Historiens et Mn\u00e9mosyne (Association pour le d\u00e9veloppement de l\u2019histoire des femmes et du genre), t\u00e9moignant ainsi de son ind\u00e9fectible int\u00e9r\u00eat pour l\u2019histoire allemande contemporaine en g\u00e9n\u00e9ral et l\u2019histoire des femmes allemandes en particulier. Au fil de ses recherches et dans sa qu\u00eate assidue d\u2019archives et de documents en particulier \u00e0 l\u2019Institut d\u2019Histoire des conflits contemporains Ch\u00e2teau de Vincennes, Marianne Walle s\u2019est int\u00e9ress\u00e9e plus sp\u00e9cifiquement \u00e0 la th\u00e9matique \u00ab\u00a0Femmes et guerres\u00a0\u00bb. Membre du comit\u00e9 de r\u00e9daction de la revue <em>Guerres mondiales et conflits contemporains<\/em>, elle a pr\u00e9sid\u00e9 en 2008 la Commission de recherche sur les femmes et la guerre et a activement contribu\u00e9 \u00e0 la pr\u00e9paration du centenaire de la Premi\u00e8re guerre mondiale, \u0153uvrant l\u00e0 encore dans le domaine qui lui \u00e9tait devenu si familier, l\u2019histoire des femmes, allemandes mais aussi autrichiennes, et l\u2019histoire compar\u00e9e des femmes en France et en Allemagne saisies dans le contexte de la mont\u00e9e des nationalismes et des conflits g\u00e9n\u00e9r\u00e9s par ces derniers.<\/p>\n<p style=\"text-align: justify;\">En 2008 Marianne Walle publiait en collaboration avec Chantal Antier et Olivier Lahaie un ouvrage <em>sur Les espionnes dans la Grande Guerre<\/em> (Rennes, Ed. Ouest-France), tout en continuant sa riche collaboration \u00e0 la revue <em>Guerres mondiales et conflits contemporains<\/em>. Avec Chantal Antier, elle venait d\u2019assurer la r\u00e9daction du num\u00e9ro 2014\/1de la revue, consacr\u00e9 aux \u00ab\u00a0Prisonniers de la Grande Guerre: victimes ou instruments au service des Etats bellig\u00e9rants\u00a0\u00bb, r\u00e9digeant l\u2019introduction et contribuant au num\u00e9ro avec un texte sur \u00ab\u00a0Les prisonniers de guerre fran\u00e7ais intern\u00e9s en Suisse (1916-1919)\u00bb , preuve s\u2019il en faut, d\u2019une curiosit\u00e9 toujours en \u00e9veil et d\u2019un ind\u00e9fectible int\u00e9r\u00eat pour les minorit\u00e9s, femmes ou prisonniers, victimes trop souvent oubli\u00e9es des conflits.<\/p>\n<p>Marie Claire Hoock-Demarle, Universit\u00e9 Paris7-Denis Diderot<\/p>\n<div class=\"wp-socializer wpsr-share-icons\" data-lg-action=\"show\" data-sm-action=\"show\" data-sm-width=\"768\"><div class=\"wpsr-si-inner\"><div class=\"socializer sr-popup sr-32px sr-squircle sr-opacity sr-pad\"><span class=\"sr-facebook\"><a data-id=\"facebook\" style=\"color:#ffffff;\" rel=\"nofollow\" href=\"https:\/\/www.facebook.com\/share.php?u=\" target=\"_blank\" title=\"Share this on Facebook\"><i class=\"fab fa-facebook-f\"><\/i><\/a><\/span>\n<span class=\"sr-twitter\"><a data-id=\"twitter\" style=\"color:#ffffff;\" rel=\"nofollow\" href=\"https:\/\/twitter.com\/intent\/tweet?text=%20-%20%20\" target=\"_blank\" title=\"Tweet this !\"><i class=\"fab fa-twitter\"><\/i><\/a><\/span>\n<span class=\"sr-linkedin\"><a data-id=\"linkedin\" style=\"color:#ffffff;\" rel=\"nofollow\" href=\"https:\/\/www.linkedin.com\/sharing\/share-offsite\/?url=\" target=\"_blank\" title=\"Add this to LinkedIn\"><i class=\"fab fa-linkedin-in\"><\/i><\/a><\/span>\n<span class=\"sr-pdf\"><a data-id=\"pdf\" style=\"color:#ffffff;\" rel=\"nofollow\" href=\"https:\/\/www.printfriendly.com\/print?url=\" target=\"_blank\" title=\"Convert to PDF\"><i class=\"fa fa-file-pdf\"><\/i><\/a><\/span>\n<span class=\"sr-share-menu\"><a href=\"#\" target=\"_blank\" title=\"More share links\" style=\"color:#ffffff;\" data-metadata=\"{&quot;url&quot;:&quot;&quot;,&quot;title&quot;:&quot;&quot;,&quot;excerpt&quot;:&quot;&quot;,&quot;image&quot;:&quot;&quot;,&quot;short-url&quot;:&quot;&quot;,&quot;rss-url&quot;:&quot;http:\\\/\\\/www.historikerkomitee.de\\\/?feed=rss2&quot;,&quot;comments-section&quot;:&quot;comments&quot;,&quot;raw-url&quot;:null,&quot;twitter-username&quot;:&quot;&quot;,&quot;fb-app-id&quot;:&quot;&quot;,&quot;fb-app-secret&quot;:&quot;&quot;}\"><i class=\"fa fa-plus\"><\/i><\/a><\/span><\/div><\/div><\/div>","protected":false},"excerpt":{"rendered":"<p>In Memoriam : Marianne Walle (1932-2015) C\u2019est avec une grande tristesse que nous avons appris la disparition le 22 octobre 2015 de notre coll\u00e8gue germaniste Marianne Walle. Longtemps professeure de lyc\u00e9e, menant de front enseignement et recherche, Marianne Walle a \u00e9t\u00e9 nomm\u00e9e Ma\u00eetre de conf\u00e9rences en 1988 puis, en 1990, a occup\u00e9 le poste de &hellip; <a href=\"http:\/\/www.historikerkomitee.de\/?p=3066\" class=\"more-link\">Continuer la lecture de <span class=\"screen-reader-text\">In Memoriam : Marianne Walle (1932-2015)<\/span>  <span class=\"meta-nav\">&rarr;<\/span><\/a><\/p>\n","protected":false},"author":3,"featured_media":0,"comment_status":"closed","ping_status":"closed","sticky":false,"template":"","format":"standard","meta":[],"categories":[57],"tags":[],"acf":[],"_links":{"self":[{"href":"http:\/\/www.historikerkomitee.de\/index.php?rest_route=\/wp\/v2\/posts\/3066"}],"collection":[{"href":"http:\/\/www.historikerkomitee.de\/index.php?rest_route=\/wp\/v2\/posts"}],"about":[{"href":"http:\/\/www.historikerkomitee.de\/index.php?rest_route=\/wp\/v2\/types\/post"}],"author":[{"embeddable":true,"href":"http:\/\/www.historikerkomitee.de\/index.php?rest_route=\/wp\/v2\/users\/3"}],"replies":[{"embeddable":true,"href":"http:\/\/www.historikerkomitee.de\/index.php?rest_route=%2Fwp%2Fv2%2Fcomments&post=3066"}],"version-history":[{"count":1,"href":"http:\/\/www.historikerkomitee.de\/index.php?rest_route=\/wp\/v2\/posts\/3066\/revisions"}],"predecessor-version":[{"id":3068,"href":"http:\/\/www.historikerkomitee.de\/index.php?rest_route=\/wp\/v2\/posts\/3066\/revisions\/3068"}],"wp:attachment":[{"href":"http:\/\/www.historikerkomitee.de\/index.php?rest_route=%2Fwp%2Fv2%2Fmedia&parent=3066"}],"wp:term":[{"taxonomy":"category","embeddable":true,"href":"http:\/\/www.historikerkomitee.de\/index.php?rest_route=%2Fwp%2Fv2%2Fcategories&post=3066"},{"taxonomy":"post_tag","embeddable":true,"href":"http:\/\/www.historikerkomitee.de\/index.php?rest_route=%2Fwp%2Fv2%2Ftags&post=3066"}],"curies":[{"name":"wp","href":"https:\/\/api.w.org\/{rel}","templated":true}]}}