{"id":3077,"date":"2016-02-20T18:03:54","date_gmt":"2016-02-20T16:03:54","guid":{"rendered":"http:\/\/www.historikerkomitee.de\/?p=3077"},"modified":"2022-05-04T10:18:18","modified_gmt":"2022-05-04T08:18:18","slug":"deutsch-franzosische-parlamentspreis-an-claudia-hiepel","status":"publish","type":"post","link":"http:\/\/www.historikerkomitee.de\/?p=3077","title":{"rendered":"Deutsch-Franz\u00f6sische Parlamentspreis an Claudia Hiepel"},"content":{"rendered":"<h3>Le prix parlementaire franco-allemand (Deutscher Bundestag et Assembl\u00e9e Nationale) a \u00e9t\u00e9 d\u00e9cern\u00e9 lors d&rsquo;une c\u00e9r\u00e9monie \u00e0 Aix la Chapelle \u00e0 <span style=\"color: #993300;\">Claudia Hiepel<\/span>, membre de notre comit\u00e9.<\/h3>\n<p>Le 12 f\u00e9vrier 2016, \u00e0 Aix-la-Chapelle, le 7<sup>\u00e8me<\/sup> Prix parlementaire franco-allemand a \u00e9t\u00e9 remis par M. Claude Bartolone, Pr\u00e9sident de l\u2019Assembl\u00e9e nationale, et M. Norbert Lammert, Pr\u00e9sident du Bundestag allemand, \u00e0\u00a0:<br \/>\n<strong>Mme Claudia Hiepel, l<\/strong>aur\u00e9ate allemande pour son livre Willy Brandt et Georges Pompidou. La politique europ\u00e9enne franco-allemande entre crise et nouvel \u00e9lan.<br \/>\nMme C\u00e9cile Calla et Mme Claire Demesmay, laur\u00e9ates fran\u00e7aises pour leur livre Que reste-t-il du couple franco-allemand ?<\/p>\n<p><img loading=\"lazy\" class=\"wp-image-3078 aligncenter\" src=\"http:\/\/www.historikerkomitee.de\/wordpress\/wp-content\/uploads\/kw06_deutsch_franzoesischer_parlamentspreis_bild-300x169.jpg\" alt=\"kw06_deutsch_franzoesischer_parlamentspreis_bild\" width=\"619\" height=\"349\" srcset=\"http:\/\/www.historikerkomitee.de\/wordpress\/wp-content\/uploads\/kw06_deutsch_franzoesischer_parlamentspreis_bild-300x169.jpg 300w, http:\/\/www.historikerkomitee.de\/wordpress\/wp-content\/uploads\/kw06_deutsch_franzoesischer_parlamentspreis_bild-150x84.jpg 150w, http:\/\/www.historikerkomitee.de\/wordpress\/wp-content\/uploads\/kw06_deutsch_franzoesischer_parlamentspreis_bild.jpg 475w\" sizes=\"(max-width: 619px) 100vw, 619px\" \/><\/p>\n<p style=\"text-align: center;\"><em>Claude Bartolone,\u00a0Claire Demesmay, C\u00e9cile Calla, Norbert Lammert, Claudia Hiepel (rechts)<\/em><\/p>\n<p><a href=\"http:\/\/www2.assemblee-nationale.fr\/europe-et-international\/activites-parlementaires-internationales\/les-relations-parlementaires-franco-allemandes\/prix-parlementaire-franco-allemand#node_28652\" target=\"_blank\" rel=\"noopener\"><img loading=\"lazy\" class=\"alignleft size-full wp-image-1992\" src=\"http:\/\/www.historikerkomitee.de\/wordpress\/wp-content\/uploads\/ico_permalien.gif\" alt=\"ico_permalien\" width=\"23\" height=\"23\" \/>Plus d&rsquo;informations ici<\/a><\/p>\n<p style=\"text-align: justify;\">Bundestagspr\u00e4sident Prof. Dr. Norbert Lammert und der franz\u00f6sische Parlamentspr\u00e4sident <span lang=\"fr\" xml:lang=\"fr\">Claude Bartolone<\/span> haben am <strong>Freitag, 12. Februar 2016<\/strong>, in Aachen den <strong>Deutsch-Franz\u00f6sischen Parlamentspreis<\/strong> an die Historikerin <strong><span style=\"color: #993300;\">Dr. Claudia Hiepel<\/span> (Mitgliederin unseres Komitees)<\/strong>, die Journalistin<span lang=\"fr\" xml:lang=\"fr\"> C\u00e9cile Calla<\/span> und die Politikwissenschaftlerin Dr. <span lang=\"fr\" xml:lang=\"fr\">Claire Demesmay<\/span> verliehen.<\/p>\n<p style=\"text-align: justify;\">Die aus deutschen und franz\u00f6sischen Abgeordneten und Wissenschaftlern zusammengesetzte <span lang=\"fr\" xml:lang=\"fr\">Jury<\/span> unter Vorsitz der beiden Parlamentspr\u00e4sidenten hatte sich f\u00fcr<strong> Claudia Hiepels Werk<\/strong> \u201e<strong>Willy Brandt und <span lang=\"fr\" xml:lang=\"fr\">Georges Pompidou<\/span>. Deutsch-franz\u00f6sische Europapolitik zwischen Aufbruch und Krise\u201c entschieden<\/strong>. <span lang=\"fr\" xml:lang=\"fr\">C\u00e9cile Calla<\/span> und <span lang=\"fr\" xml:lang=\"fr\">Claire Demesmay<\/span> bekommen die Ehrung f\u00fcr ihr Buch \u201e<span lang=\"fr\" xml:lang=\"fr\">Que reste-t-il du couple franco-allemand<\/span>?\u201c (Was bleibt vom deutsch-franz\u00f6sischen Tandem?).<\/p>\n<p style=\"text-align: justify;\"><strong>Claudia Hiepel<\/strong> ist Privatdozentin und Wissenschaftlicher Mitarbeiterin an der Universit\u00e4t Duisburg-Essen. Sie untersucht in ihrem Werk die Europapolitik in den siebziger Jahren unter dem deutschen Kanzler Willy Brandt und dem franz\u00f6sischen Pr\u00e4sidenten <span lang=\"fr\" xml:lang=\"fr\">Georges Pompidou<\/span>. In dieser von schweren Krisen gepr\u00e4gten \u00c4ra konnten die beiden Politiker trotz ihres pers\u00f6nlich schwierigen Verh\u00e4ltnisses entscheidende Weichen f\u00fcr die europ\u00e4ische Einigungspolitik stellen.<br \/>\nF\u00fcr ihr Buch bekam die Autorin (Jahrgang 1967) 2011 den Willy-Brandt-Preis zur F\u00f6rderung von Nachwuchswissenschaftlern der Bundeskanzler-Willy-Brandt-Stiftung und den \u201e<span lang=\"fr\" xml:lang=\"fr\">\u00c9mile<\/span>-und-<span lang=\"fr\" xml:lang=\"fr\">Aline<\/span>-Mayrisch-Preis\u201c f\u00fcr herausragende Verdienste um die westeurop\u00e4ische Verst\u00e4ndigung. 2015 ist eine aus Mitteln der Volkswagen-Stiftung finanzierte franz\u00f6sische \u00dcbersetzung des Werks erschienen.<\/p>\n<p><a href=\"http:\/\/www.bundestag.de\/dokumente\/textarchiv\/2016\/kw06-deutsch-franzoesischer-parlamentspreis\/406536\" target=\"_blank\" rel=\"noopener nofollow\" class=\"broken_link\"><img loading=\"lazy\" class=\"alignleft size-full wp-image-1992\" src=\"http:\/\/www.historikerkomitee.de\/wordpress\/wp-content\/uploads\/ico_permalien.gif\" alt=\"ico_permalien\" width=\"23\" height=\"23\" \/>Mehr <span class=\"st\">Informationen<\/span> hier<\/a><\/p>\n<div class=\"wp-socializer wpsr-share-icons\" data-lg-action=\"show\" data-sm-action=\"show\" data-sm-width=\"768\"><div class=\"wpsr-si-inner\"><div class=\"socializer sr-popup sr-32px sr-squircle sr-opacity sr-pad\"><span class=\"sr-facebook\"><a data-id=\"facebook\" style=\"color:#ffffff;\" rel=\"nofollow\" href=\"https:\/\/www.facebook.com\/share.php?u=\" target=\"_blank\" title=\"Share this on Facebook\"><i class=\"fab fa-facebook-f\"><\/i><\/a><\/span>\n<span class=\"sr-twitter\"><a data-id=\"twitter\" style=\"color:#ffffff;\" rel=\"nofollow\" href=\"https:\/\/twitter.com\/intent\/tweet?text=%20-%20%20\" target=\"_blank\" title=\"Tweet this !\"><i class=\"fab fa-twitter\"><\/i><\/a><\/span>\n<span class=\"sr-linkedin\"><a data-id=\"linkedin\" style=\"color:#ffffff;\" rel=\"nofollow\" href=\"https:\/\/www.linkedin.com\/sharing\/share-offsite\/?url=\" target=\"_blank\" title=\"Add this to LinkedIn\"><i class=\"fab fa-linkedin-in\"><\/i><\/a><\/span>\n<span class=\"sr-pdf\"><a data-id=\"pdf\" style=\"color:#ffffff;\" rel=\"nofollow\" href=\"https:\/\/www.printfriendly.com\/print?url=\" target=\"_blank\" title=\"Convert to PDF\"><i class=\"fa fa-file-pdf\"><\/i><\/a><\/span>\n<span class=\"sr-share-menu\"><a href=\"#\" target=\"_blank\" title=\"More share links\" style=\"color:#ffffff;\" data-metadata=\"{&quot;url&quot;:&quot;&quot;,&quot;title&quot;:&quot;&quot;,&quot;excerpt&quot;:&quot;&quot;,&quot;image&quot;:&quot;&quot;,&quot;short-url&quot;:&quot;&quot;,&quot;rss-url&quot;:&quot;http:\\\/\\\/www.historikerkomitee.de\\\/?feed=rss2&quot;,&quot;comments-section&quot;:&quot;comments&quot;,&quot;raw-url&quot;:null,&quot;twitter-username&quot;:&quot;&quot;,&quot;fb-app-id&quot;:&quot;&quot;,&quot;fb-app-secret&quot;:&quot;&quot;}\"><i class=\"fa fa-plus\"><\/i><\/a><\/span><\/div><\/div><\/div>","protected":false},"excerpt":{"rendered":"<p>Le prix parlementaire franco-allemand (Deutscher Bundestag et Assembl\u00e9e Nationale) a \u00e9t\u00e9 d\u00e9cern\u00e9 lors d&rsquo;une c\u00e9r\u00e9monie \u00e0 Aix la Chapelle \u00e0 Claudia Hiepel, membre de notre comit\u00e9. Le 12 f\u00e9vrier 2016, \u00e0 Aix-la-Chapelle, le 7\u00e8me Prix parlementaire franco-allemand a \u00e9t\u00e9 remis par M. Claude Bartolone, Pr\u00e9sident de l\u2019Assembl\u00e9e nationale, et M. Norbert Lammert, Pr\u00e9sident du Bundestag &hellip; <a href=\"http:\/\/www.historikerkomitee.de\/?p=3077\" class=\"more-link\">Continuer la lecture de <span class=\"screen-reader-text\">Deutsch-Franz\u00f6sische Parlamentspreis an Claudia Hiepel<\/span>  <span class=\"meta-nav\">&rarr;<\/span><\/a><\/p>\n","protected":false},"author":3,"featured_media":0,"comment_status":"closed","ping_status":"closed","sticky":false,"template":"","format":"standard","meta":[],"categories":[13,71],"tags":[],"acf":[],"_links":{"self":[{"href":"http:\/\/www.historikerkomitee.de\/index.php?rest_route=\/wp\/v2\/posts\/3077"}],"collection":[{"href":"http:\/\/www.historikerkomitee.de\/index.php?rest_route=\/wp\/v2\/posts"}],"about":[{"href":"http:\/\/www.historikerkomitee.de\/index.php?rest_route=\/wp\/v2\/types\/post"}],"author":[{"embeddable":true,"href":"http:\/\/www.historikerkomitee.de\/index.php?rest_route=\/wp\/v2\/users\/3"}],"replies":[{"embeddable":true,"href":"http:\/\/www.historikerkomitee.de\/index.php?rest_route=%2Fwp%2Fv2%2Fcomments&post=3077"}],"version-history":[{"count":2,"href":"http:\/\/www.historikerkomitee.de\/index.php?rest_route=\/wp\/v2\/posts\/3077\/revisions"}],"predecessor-version":[{"id":4323,"href":"http:\/\/www.historikerkomitee.de\/index.php?rest_route=\/wp\/v2\/posts\/3077\/revisions\/4323"}],"wp:attachment":[{"href":"http:\/\/www.historikerkomitee.de\/index.php?rest_route=%2Fwp%2Fv2%2Fmedia&parent=3077"}],"wp:term":[{"taxonomy":"category","embeddable":true,"href":"http:\/\/www.historikerkomitee.de\/index.php?rest_route=%2Fwp%2Fv2%2Fcategories&post=3077"},{"taxonomy":"post_tag","embeddable":true,"href":"http:\/\/www.historikerkomitee.de\/index.php?rest_route=%2Fwp%2Fv2%2Ftags&post=3077"}],"curies":[{"name":"wp","href":"https:\/\/api.w.org\/{rel}","templated":true}]}}