{"id":3337,"date":"2016-09-25T10:46:29","date_gmt":"2016-09-25T08:46:29","guid":{"rendered":"http:\/\/www.historikerkomitee.de\/?p=3337"},"modified":"2017-02-19T17:10:38","modified_gmt":"2017-02-19T15:10:38","slug":"colloque-de-dusseldorf-derniere-mise-a-jour-tagung-dusseldorf-neueste-update","status":"publish","type":"post","link":"http:\/\/www.historikerkomitee.de\/?p=3337","title":{"rendered":"Colloque de D\u00fcsseldorf &#8211; derni\u00e8re mise \u00e0 jour \/ Tagung D\u00fcsseldorf &#8211; neueste Update"},"content":{"rendered":"<h3 style=\"text-align: center;\"><span style=\"color: #993300;\">Der Rhein als politische Landschaft zwischen Deutschland und Frankreich 1815 \u2013 heute\/<\/span><br \/>\n<span style=\"color: #000080;\">Le Rhin. Un espace partag\u00e9 entre la France et l\u00b4Allemagne de 1815 \u00e0 nos jours<\/span><\/h3>\n<h4 style=\"text-align: center;\">Tagung des Deutsch\u2010franz\u00f6sischen Historikerkomitees<br \/>\nD\u00fcsseldorf, 29. 9 \u2013 1. 10 2016<\/h4>\n<h4 style=\"text-align: center;\"><span style=\"color: #bd2828;\">Haus der Universit\u00e4t<\/span><br \/>\n<span style=\"color: #bd2828;\">Schadowplatz 14<\/span><br \/>\n40212 D\u00fcsseldorf<br \/>\nTel. 0049.211.811.0345<\/h4>\n<h3 style=\"text-align: left; padding-left: 90px;\"><strong>Donnerstag, 29. September 2016<\/strong><\/h3>\n<p style=\"text-align: left; padding-left: 90px;\">14.00 Uhr: Er\u00f6ffnung<br \/>\nBegr\u00fc\u00dfung H\u00e9l\u00e8ne Miard-Delacroix (Paris)\/Guido Thiemeyer (D\u00fcsseldorf)<\/p>\n<p style=\"text-align: left; padding-left: 90px;\"><strong>Sektion 1: Infrastrukturen am Rhein<br \/>\n<\/strong> (Sektionsleitung: Wilfried Loth, Essen)<\/p>\n<p style=\"text-align: left; padding-left: 90px;\">14.30 Uhr: Nils Bennemann (Essen), Der Rhein als wissenschaftliche Kontaktzone 1815- 1880. Die badisch-franz\u00f6sische Rheinkarte im internationalen Kontext.<br \/>\n15.00 Uhr: Jean-Fran\u00e7ois Eck (Paris), La cr\u00e9ation du Port autonome de Strasbourg en 1926 : une manifestation fran\u00e7aise de puissance dans un espace rh\u00e9nan interd\u00e9pendant.<br \/>\n<em>15.30 Uhr: Pause<\/em><br \/>\n16.00 Uhr: Fabrice Gireaud (Vechta), Der Eurodistrikt Stra\u00dfburg-Ortenau \u2013 Ein Beispiel f\u00fcr die Probleme und Herausforderungen transnationaler Kooperation<br \/>\n16.30 Uhr: Sylvain Schirmann (Strasbourg), Qui r\u00e9git le transport rh\u00e9nan depuis 1945 ? Concurrence ou compl\u00e9mentarit\u00e9 entre les organisations internationales, les Etats et les acteurs priv\u00e9s sur le Rhin de 1945 \u00e0 nos jours.<br \/>\n17.00 Uhr Gerhild Krebs (Saarbr\u00fccken), Vernunft der Pipeline. Bemerkungen zu einem deutschfranz\u00f6sischen Werbefilm.<\/p>\n<p style=\"text-align: left; padding-left: 90px;\">18.30 Uhr: Abendvortrag<br \/>\nFran\u00e7ois Walter (Gen\u00e8ve) : Le Rhin comme figure paysag\u00e8re de la nation<\/p>\n<p style=\"text-align: left; padding-left: 90px;\">Anschlie\u00dfend: Buffet et D\u00e9gustation (offert par le Consulat G\u00e9n\u00e9ral de France, D\u00fcsseldorf)<\/p>\n<h3 style=\"text-align: left; padding-left: 90px;\"><strong>Freitag, 30. September 2016<\/strong><\/h3>\n<p style=\"text-align: left; padding-left: 90px;\"><strong>Sektion 2: Regionale deutsch-franz\u00f6sische Kooperation im europ\u00e4ischen Kontext<\/strong><br \/>\n(Sektionsleitung: Fran\u00e7oise Berger, Grenoble)<\/p>\n<p style=\"padding-left: 90px;\">8.30 Uhr: Claudia Hiepel (Essen), Euroregionen am Rhein. Die \u00ab\u00a0Relativierung\u00a0\u00bb der Grenze durch grenz\u00fcberschreitende Zusammenarbeit<br \/>\n9.00 Uhr: Martial Libera (Strasbourg), Les Relations entre les chambres de commerce fran\u00e7aises et allemandes sur le Rhin sup\u00e9rieur de 1945 aux ann\u00e9es 1980 : entre coop\u00e9ration et confrontation<br \/>\n9.30 Uhr: Rainer Hudemann (Paris), St\u00e4dte in der Rhein-Region. Brennpunkte transnationaler Konflikte und Verflechtung in Technik, Architektur, Wirtschaft, Gesellschaft und Kultur im 19. und 20. Jahrhundert<br \/>\n<em>10.00 Uhr Pause<\/em><\/p>\n<p style=\"padding-left: 90px;\"><strong>Sektion 3: Verst\u00e4ndigung und Konflikt am Rhein<\/strong><br \/>\n<strong>a) Neue Forschungen zur Rheinkrise von 1840<\/strong><br \/>\n(Leitung: Anne Kwaschik, Berlin)<\/p>\n<p style=\"padding-left: 90px;\">10.30 Uhr: Georg M\u00f6lich (Bonn), \u201eBewaffnete Sprache\u201c. Beobachtungen zu deutschsprachigen<br \/>\nTexten im Kontext des Rheinkonfliktes 1840\/41<br \/>\n11.00 Uhr: St\u00e9phanie Krapoth (Besan\u00e7on), Une crise musicale du Rhin ? Compositions \u00e9voquant le<br \/>\nfleuve autour de 1840<br \/>\n11.30 Uhr: Roberto Zaugg (Lausanne), \u201eDas ist also der alte Rhein, von dem die Lieder singen\u2026\u201c<br \/>\nLiterarisierte Identit\u00e4tskonstruktionen und touristische Reisepraktiken im Tagebuch des preu\u00dfischen<br \/>\nOffiziers Friedrich Wilhelm Oettinger im fr\u00fchen 19. Jahrhundert.<br \/>\n<em><br \/>\n12.00 Uhr: Pause (Mittagsimbiss)<\/em><\/p>\n<p style=\"padding-left: 90px;\"><strong>b) Neue Forschungen zu den Krisen der 1920er Jahre<\/strong><br \/>\n(Leitung: J\u00e9r\u00f4me Vaillant, Lille\/K\u00f6ln)<\/p>\n<p style=\"padding-left: 90px;\">13.00 Uhr: Stefan Goch (Bochum), Die gegenseitige Wahrnehmung von Franzosen und Deutschen w\u00e4hrend der Ruhrbesetzung. Eine Fallstudie f\u00fcr den Raum Gelsenkirchen.<br \/>\n14.00 Uhr: Brigitte Braun (Trier),Der UFA-Kulturfilm \u201eDer Rhein in Vergangenheit und Gegenwart\u201c (1922) und die Propaganda gegen die Rheinlandbesetzung.<br \/>\n14.30 Uhr: Karin Trieloff (Berlin), Das interalliiert besetzte Rheinland nach dem Ersten Weltkrieg. Zusammenh\u00e4nge zwischen Lokal- und internationaler Geschichte.<br \/>\n<em>15.00 Uhr: Pause<\/em><\/p>\n<p style=\"padding-left: 90px;\"><strong>c) Neuere Forschungen zu Konflikt und Verst\u00e4ndigung nach 1945<\/strong><br \/>\n15.30 Uhr: Anne Marie Corbin (Rouen), \u201eDie andere Wacht am Rhein\u201c: Der Kampf gegen die Atomenergie in den siebziger Jahren des 20. Jahrhunderts<br \/>\n16.00 Uhr: Friedhelm Boll (Bonn), Vers\u00f6hnung am Rhein. Der Ansatz der katholischen Friedensbewegung Pax Christi<br \/>\n<em>Buffet<\/em><\/p>\n<p style=\"padding-left: 90px;\">18-21 Uhr <strong>Mitgliederversammlung des Deutsch-franz\u00f6sischen Historikerkomitees<\/strong><\/p>\n<h3 style=\"padding-left: 90px;\">Samstag, 1. Oktober 2016<\/h3>\n<p style=\"padding-left: 90px;\"><strong>Sektion 4: Transnationale wirtschaftliche Verflechtung am Rhein<\/strong><br \/>\n(Leitung: Guido Thiemeyer, D\u00fcsseldorf)<br \/>\n9.00 Uhr: Stefanie van de Kerkhof (Mannheim), Rhein, Maas oder Mosel? Die deutsche Schwerindustrie und ihre Expansionsstrategien bis zum Ende des Wilhelminischen Kaiserreiches<br \/>\n9.30 Uhr: Peter Friedemann (Bochum), Die Grubengesellschaft de la \u201eVieille Montagne\u201c auf dem Weg zum europ\u00e4ischen Marktf\u00fchrer: Zwischen Neutral-Moresnet und Rhein-Siegkreis 1816-1919.<br \/>\n10.00 Uhr: Pause<br \/>\n10.15 Uhr : Luc Jeanvoine (Strasbourg), La prise de possession de l\u00b4usine alsacienne de Graffenstaden en 1940 \u2013 1944 par \u00ab Magdeburger Werkzeugmaschinenfabrik \u00bb. Origines et cons\u00e9quences.<br \/>\n<em>Ende der Tagung gegen 11.30 Uhr<\/em><\/p>\n<p>Nachmittags: Gelegenheit zum <strong>Besuch der Ausstellung in der Bundeskunsthalle Bonn: \u201eDer Rhein. <\/strong>Eine europ\u00e4ische Fluss-Biographie\u201c und der Ausstellung \u201eBilderstrom. Der Rhein und die Fotografie 2016-1853\u201c im Rheinischen Landesmuseum in Bonn.<\/p>\n<p><img loading=\"lazy\" class=\"alignleft size-full wp-image-245\" src=\"http:\/\/www.historikerkomitee.de\/wordpress\/wp-content\/uploads\/pdf2.gif\" alt=\"bulletin_pdf\" width=\"45\" height=\"49\" \/>T\u00e9l\u00e9charger <strong><a href=\"http:\/\/www.historikerkomitee.de\/wordpress\/wp-content\/uploads\/Programm-Tagung-DFH-2016.pdf\">la version imprimable du programme<\/a><\/strong><\/p>\n<p>&nbsp;<\/p>\n<p><strong>Voici le plan pour se rendre au colloque depuis la gare.<\/strong><\/p>\n<p><a href=\"http:\/\/www.historikerkomitee.de\/wordpress\/wp-content\/uploads\/Stadtplan.bmp\"><img loading=\"lazy\" class=\"alignleft size-full wp-image-3342\" src=\"http:\/\/www.historikerkomitee.de\/wordpress\/wp-content\/uploads\/Stadtplan.bmp\" alt=\"Stadtplan\" width=\"815\" height=\"546\" \/><\/a><\/p>\n<div class=\"wp-socializer wpsr-share-icons\" data-lg-action=\"show\" data-sm-action=\"show\" data-sm-width=\"768\"><div class=\"wpsr-si-inner\"><div class=\"socializer sr-popup sr-32px sr-squircle sr-opacity sr-pad\"><span class=\"sr-facebook\"><a data-id=\"facebook\" style=\"color:#ffffff;\" rel=\"nofollow\" href=\"https:\/\/www.facebook.com\/share.php?u=\" target=\"_blank\" title=\"Share this on Facebook\"><i class=\"fab fa-facebook-f\"><\/i><\/a><\/span>\n<span class=\"sr-twitter\"><a data-id=\"twitter\" style=\"color:#ffffff;\" rel=\"nofollow\" href=\"https:\/\/twitter.com\/intent\/tweet?text=%20-%20%20\" target=\"_blank\" title=\"Tweet this !\"><i class=\"fab fa-twitter\"><\/i><\/a><\/span>\n<span class=\"sr-linkedin\"><a data-id=\"linkedin\" style=\"color:#ffffff;\" rel=\"nofollow\" href=\"https:\/\/www.linkedin.com\/sharing\/share-offsite\/?url=\" target=\"_blank\" title=\"Add this to LinkedIn\"><i class=\"fab fa-linkedin-in\"><\/i><\/a><\/span>\n<span class=\"sr-pdf\"><a data-id=\"pdf\" style=\"color:#ffffff;\" rel=\"nofollow\" href=\"https:\/\/www.printfriendly.com\/print?url=\" target=\"_blank\" title=\"Convert to PDF\"><i class=\"fa fa-file-pdf\"><\/i><\/a><\/span>\n<span class=\"sr-share-menu\"><a href=\"#\" target=\"_blank\" title=\"More share links\" style=\"color:#ffffff;\" data-metadata=\"{&quot;url&quot;:&quot;&quot;,&quot;title&quot;:&quot;&quot;,&quot;excerpt&quot;:&quot;&quot;,&quot;image&quot;:&quot;&quot;,&quot;short-url&quot;:&quot;&quot;,&quot;rss-url&quot;:&quot;http:\\\/\\\/www.historikerkomitee.de\\\/?feed=rss2&quot;,&quot;comments-section&quot;:&quot;comments&quot;,&quot;raw-url&quot;:null,&quot;twitter-username&quot;:&quot;&quot;,&quot;fb-app-id&quot;:&quot;&quot;,&quot;fb-app-secret&quot;:&quot;&quot;}\"><i class=\"fa fa-plus\"><\/i><\/a><\/span><\/div><\/div><\/div>","protected":false},"excerpt":{"rendered":"<p>Der Rhein als politische Landschaft zwischen Deutschland und Frankreich 1815 \u2013 heute\/ Le Rhin. Un espace partag\u00e9 entre la France et l\u00b4Allemagne de 1815 \u00e0 nos jours Tagung des Deutsch\u2010franz\u00f6sischen Historikerkomitees D\u00fcsseldorf, 29. 9 \u2013 1. 10 2016 Haus der Universit\u00e4t Schadowplatz 14 40212 D\u00fcsseldorf Tel. 0049.211.811.0345 Donnerstag, 29. September 2016 14.00 Uhr: Er\u00f6ffnung Begr\u00fc\u00dfung &hellip; <a href=\"http:\/\/www.historikerkomitee.de\/?p=3337\" class=\"more-link\">Continuer la lecture de <span class=\"screen-reader-text\">Colloque de D\u00fcsseldorf &#8211; derni\u00e8re mise \u00e0 jour \/ Tagung D\u00fcsseldorf &#8211; neueste Update<\/span>  <span class=\"meta-nav\">&rarr;<\/span><\/a><\/p>\n","protected":false},"author":3,"featured_media":0,"comment_status":"closed","ping_status":"closed","sticky":false,"template":"","format":"standard","meta":[],"categories":[38,62],"tags":[],"acf":[],"_links":{"self":[{"href":"http:\/\/www.historikerkomitee.de\/index.php?rest_route=\/wp\/v2\/posts\/3337"}],"collection":[{"href":"http:\/\/www.historikerkomitee.de\/index.php?rest_route=\/wp\/v2\/posts"}],"about":[{"href":"http:\/\/www.historikerkomitee.de\/index.php?rest_route=\/wp\/v2\/types\/post"}],"author":[{"embeddable":true,"href":"http:\/\/www.historikerkomitee.de\/index.php?rest_route=\/wp\/v2\/users\/3"}],"replies":[{"embeddable":true,"href":"http:\/\/www.historikerkomitee.de\/index.php?rest_route=%2Fwp%2Fv2%2Fcomments&post=3337"}],"version-history":[{"count":2,"href":"http:\/\/www.historikerkomitee.de\/index.php?rest_route=\/wp\/v2\/posts\/3337\/revisions"}],"predecessor-version":[{"id":3438,"href":"http:\/\/www.historikerkomitee.de\/index.php?rest_route=\/wp\/v2\/posts\/3337\/revisions\/3438"}],"wp:attachment":[{"href":"http:\/\/www.historikerkomitee.de\/index.php?rest_route=%2Fwp%2Fv2%2Fmedia&parent=3337"}],"wp:term":[{"taxonomy":"category","embeddable":true,"href":"http:\/\/www.historikerkomitee.de\/index.php?rest_route=%2Fwp%2Fv2%2Fcategories&post=3337"},{"taxonomy":"post_tag","embeddable":true,"href":"http:\/\/www.historikerkomitee.de\/index.php?rest_route=%2Fwp%2Fv2%2Ftags&post=3337"}],"curies":[{"name":"wp","href":"https:\/\/api.w.org\/{rel}","templated":true}]}}