{"id":3358,"date":"2016-10-07T10:13:35","date_gmt":"2016-10-07T08:13:35","guid":{"rendered":"http:\/\/www.historikerkomitee.de\/?p=3358"},"modified":"2017-02-19T17:10:21","modified_gmt":"2017-02-19T15:10:21","slug":"le-bulletin-2016-vient-de-paraitre","status":"publish","type":"post","link":"http:\/\/www.historikerkomitee.de\/?p=3358","title":{"rendered":"Le bulletin 2016 vient de para\u00eetre"},"content":{"rendered":"<h3><span style=\"text-decoration: underline;\"><a href=\"http:\/\/www.historikerkomitee.de\/wordpress\/wp-content\/uploads\/bulletin-DFHK_24-2016.pdf\" class=\"broken_link\" rel=\"nofollow\"><span style=\"color: #993300; text-decoration: underline;\"><strong>Bulletin<\/strong><\/span><\/a><a href=\"http:\/\/www.historikerkomitee.de\/wordpress\/wp-content\/uploads\/bulletin-DFHK_24-2016.pdf\" class=\"broken_link\" rel=\"nofollow\"><span style=\"color: #993300; text-decoration: underline;\"><strong> n\u00b024 | Nr.24, 2016<\/strong><\/span><\/a><\/span><\/h3>\n<p><img loading=\"lazy\" class=\"alignleft size-full wp-image-2828\" src=\"http:\/\/www.historikerkomitee.de\/wordpress\/wp-content\/uploads\/livre-anim1.gif\" alt=\"livre-anim1\" width=\"55\" height=\"48\" \/><\/p>\n<p><strong><a href=\"https:\/\/www.fleepit.com\/flipbook\/itcreatort\/638324\" class=\"broken_link\" rel=\"nofollow\">Feuilleter en ligne\/online bl\u00e4ttern<\/a><\/strong> \u00a0<strong>\u00a0\u00a0\u00a0<\/strong><strong>\u00a0<\/strong><strong>\u00a0\u00a0<\/strong><strong>\u00a0<\/strong><strong>\u00a0\u00a0<\/strong><\/p>\n<p><strong><br \/>\n<\/strong><a href=\"http:\/\/www.historikerkomitee.de\/wordpress\/wp-content\/uploads\/bulletin-24-2016.pdf\"><strong><img loading=\"lazy\" class=\"alignleft size-full wp-image-245\" src=\"http:\/\/www.historikerkomitee.de\/wordpress\/wp-content\/uploads\/pdf2.gif\" alt=\"bulletin_pdf\" width=\"45\" height=\"49\" \/>Pdf download<\/strong><\/a><\/p>\n<p>\u00e9d. par | hg. v. H\u00e9l\u00e8ne Miard-Delacroix\u00a0u. Guido Thiemeyer<\/p>\n<ol>\n<li><strong> Le mot de la Pr\u00e9sidente \/ Geleitwort der Pr\u00e4sidentin<br \/>\n2. In memo<\/strong><strong>riam\u2502Nachrufe<br \/>\n<\/strong>En hommage \u00e0 \u2502 Im Gedenken an Jacques Bari\u00e9ty (1930-2014)<br \/>\nEn hommage \u00e0 \u2502 Im Gedenken an Rudolf von Thadden (1932-2015)<br \/>\nEn hommage \u00e0 \u2502 Im Gedenken an Marianne Walle (1932-2015)<br \/>\nEn hommage \u00e0 \u2502 Im Gedenken an Fran\u00e7ois Roth (1936-2016)<\/li>\n<li><strong> Revues et institutions franco-allemandes\u2502Deutsch-franz\u00f6sische Zeitschriften und Institutionen<\/strong><strong><br \/>\n<\/strong>Archive im Internet<\/li>\n<li><strong> Les activit\u00e9s du Comit\u00e9 des historiens \u2502 Die Aktivit\u00e4ten des Historikerkomitees<\/strong><br \/>\nProgram.13. Tagung des Deutsch-Franz\u00f6sischen Historikerkomitees | 13e colloque du comit\u00e9 franco-allemand des historiens (29 septembre au 1er octobre 2016).<br \/>\nBericht: 12. Tagung des Deutsch-Franz\u00f6sischen Historikerkomitees | Compte rendu: 13e colloque du comit\u00e9 franco-allemand des historiens<br \/>\n10. Band der Schriftenreihe des Komitees<br \/>\n11. Band der Schriftenreihe des Komitees<br \/>\n12. Band der Schriftenreihe des Komitees<br \/>\nRemise du Prix du Comit\u00e9 2014<br \/>\nLa s\u00e9lection des th\u00e8ses pour le prix 2016 du Comit\u00e9<\/li>\n<li><strong> Publications des membres \u2502 Ver\u00f6ffentlichungen der Mitglieder<\/strong><\/li>\n<li><strong> Th\u00e8ses et HDR r\u00e9cemment soutenues ou en cours\u2502Neulichverteidigte und laufende Dissertationen und Habilitationen<\/strong><\/li>\n<li><strong> Adressen der Mitglieder\/adresses des membres<br \/>\n<\/strong><em>Direkt im website<br \/>\n<\/em><a href=\"http:\/\/www.historikerkomitee.de\/?page_id=1558\">Mitglieder auf deutscher Seite<\/a> | Membres inscrits sur la caisse allemande<br \/>\nMitglieder auf franz\u00f6sischer Seite\/ <a href=\"http:\/\/www.historikerkomitee.de\/?page_id=1563\">Membres inscrits sur la caisse fran\u00e7aise<\/a><\/li>\n<\/ol>\n<h3><img loading=\"lazy\" class=\"alignleft wp-image-3110 size-thumbnail\" src=\"http:\/\/www.historikerkomitee.de\/wordpress\/wp-content\/uploads\/bulletins-d-information-150x150.jpg\" alt=\"bulletins-d-information\" width=\"150\" height=\"150\" srcset=\"http:\/\/www.historikerkomitee.de\/wordpress\/wp-content\/uploads\/bulletins-d-information-150x150.jpg 150w, http:\/\/www.historikerkomitee.de\/wordpress\/wp-content\/uploads\/bulletins-d-information.jpg 250w\" sizes=\"(max-width: 150px) 100vw, 150px\" \/><span style=\"text-decoration: underline;\"><a href=\"http:\/\/www.historikerkomitee.de\/?page_id=1119\">Voir tous les bulletins<\/a><\/span><\/h3>\n<div class=\"wp-socializer wpsr-share-icons\" data-lg-action=\"show\" data-sm-action=\"show\" data-sm-width=\"768\"><div class=\"wpsr-si-inner\"><div class=\"socializer sr-popup sr-32px sr-squircle sr-opacity sr-pad\"><span class=\"sr-facebook\"><a data-id=\"facebook\" style=\"color:#ffffff;\" rel=\"nofollow\" href=\"https:\/\/www.facebook.com\/share.php?u=\" target=\"_blank\" title=\"Share this on Facebook\"><i class=\"fab fa-facebook-f\"><\/i><\/a><\/span>\n<span class=\"sr-twitter\"><a data-id=\"twitter\" style=\"color:#ffffff;\" rel=\"nofollow\" href=\"https:\/\/twitter.com\/intent\/tweet?text=%20-%20%20\" target=\"_blank\" title=\"Tweet this !\"><i class=\"fab fa-twitter\"><\/i><\/a><\/span>\n<span class=\"sr-linkedin\"><a data-id=\"linkedin\" style=\"color:#ffffff;\" rel=\"nofollow\" href=\"https:\/\/www.linkedin.com\/sharing\/share-offsite\/?url=\" target=\"_blank\" title=\"Add this to LinkedIn\"><i class=\"fab fa-linkedin-in\"><\/i><\/a><\/span>\n<span class=\"sr-pdf\"><a data-id=\"pdf\" style=\"color:#ffffff;\" rel=\"nofollow\" href=\"https:\/\/www.printfriendly.com\/print?url=\" target=\"_blank\" title=\"Convert to PDF\"><i class=\"fa fa-file-pdf\"><\/i><\/a><\/span>\n<span class=\"sr-share-menu\"><a href=\"#\" target=\"_blank\" title=\"More share links\" style=\"color:#ffffff;\" data-metadata=\"{&quot;url&quot;:&quot;&quot;,&quot;title&quot;:&quot;&quot;,&quot;excerpt&quot;:&quot;&quot;,&quot;image&quot;:&quot;&quot;,&quot;short-url&quot;:&quot;&quot;,&quot;rss-url&quot;:&quot;http:\\\/\\\/www.historikerkomitee.de\\\/?feed=rss2&quot;,&quot;comments-section&quot;:&quot;comments&quot;,&quot;raw-url&quot;:null,&quot;twitter-username&quot;:&quot;&quot;,&quot;fb-app-id&quot;:&quot;&quot;,&quot;fb-app-secret&quot;:&quot;&quot;}\"><i class=\"fa fa-plus\"><\/i><\/a><\/span><\/div><\/div><\/div>","protected":false},"excerpt":{"rendered":"<p>Bulletin n\u00b024 | Nr.24, 2016 Feuilleter en ligne\/online bl\u00e4ttern \u00a0\u00a0\u00a0\u00a0\u00a0\u00a0\u00a0\u00a0\u00a0\u00a0 Pdf download \u00e9d. par | hg. v. H\u00e9l\u00e8ne Miard-Delacroix\u00a0u. Guido Thiemeyer Le mot de la Pr\u00e9sidente \/ Geleitwort der Pr\u00e4sidentin 2. In memoriam\u2502Nachrufe En hommage \u00e0 \u2502 Im Gedenken an Jacques Bari\u00e9ty (1930-2014) En hommage \u00e0 \u2502 Im Gedenken an Rudolf von Thadden (1932-2015) En &hellip; <a href=\"http:\/\/www.historikerkomitee.de\/?p=3358\" class=\"more-link\">Continuer la lecture de <span class=\"screen-reader-text\">Le bulletin 2016 vient de para\u00eetre<\/span>  <span class=\"meta-nav\">&rarr;<\/span><\/a><\/p>\n","protected":false},"author":3,"featured_media":0,"comment_status":"closed","ping_status":"closed","sticky":false,"template":"","format":"standard","meta":[],"categories":[38,65],"tags":[],"acf":[],"_links":{"self":[{"href":"http:\/\/www.historikerkomitee.de\/index.php?rest_route=\/wp\/v2\/posts\/3358"}],"collection":[{"href":"http:\/\/www.historikerkomitee.de\/index.php?rest_route=\/wp\/v2\/posts"}],"about":[{"href":"http:\/\/www.historikerkomitee.de\/index.php?rest_route=\/wp\/v2\/types\/post"}],"author":[{"embeddable":true,"href":"http:\/\/www.historikerkomitee.de\/index.php?rest_route=\/wp\/v2\/users\/3"}],"replies":[{"embeddable":true,"href":"http:\/\/www.historikerkomitee.de\/index.php?rest_route=%2Fwp%2Fv2%2Fcomments&post=3358"}],"version-history":[{"count":5,"href":"http:\/\/www.historikerkomitee.de\/index.php?rest_route=\/wp\/v2\/posts\/3358\/revisions"}],"predecessor-version":[{"id":3368,"href":"http:\/\/www.historikerkomitee.de\/index.php?rest_route=\/wp\/v2\/posts\/3358\/revisions\/3368"}],"wp:attachment":[{"href":"http:\/\/www.historikerkomitee.de\/index.php?rest_route=%2Fwp%2Fv2%2Fmedia&parent=3358"}],"wp:term":[{"taxonomy":"category","embeddable":true,"href":"http:\/\/www.historikerkomitee.de\/index.php?rest_route=%2Fwp%2Fv2%2Fcategories&post=3358"},{"taxonomy":"post_tag","embeddable":true,"href":"http:\/\/www.historikerkomitee.de\/index.php?rest_route=%2Fwp%2Fv2%2Ftags&post=3358"}],"curies":[{"name":"wp","href":"https:\/\/api.w.org\/{rel}","templated":true}]}}