{"id":3396,"date":"2017-01-11T17:50:04","date_gmt":"2017-01-11T15:50:04","guid":{"rendered":"http:\/\/www.historikerkomitee.de\/?p=3396"},"modified":"2022-05-16T11:23:26","modified_gmt":"2022-05-16T09:23:26","slug":"w-loth-geschichte-frankreichs-im-20-jahrhundert","status":"publish","type":"post","link":"http:\/\/www.historikerkomitee.de\/?p=3396","title":{"rendered":"Geschichte Frankreichs im 20. Jahrhundert"},"content":{"rendered":"<div class=\"art-postheadericons art-metadata-icons\">\u00a0<img loading=\"lazy\" class=\"alignleft size-medium wp-image-3401\" src=\"http:\/\/www.historikerkomitee.de\/wordpress\/wp-content\/uploads\/Loth_geschichte-Frk-197x300.jpg\" sizes=\"(max-width: 197px) 100vw, 197px\" srcset=\"http:\/\/www.historikerkomitee.de\/wordpress\/wp-content\/uploads\/Loth_geschichte-Frk-197x300.jpg 197w, http:\/\/www.historikerkomitee.de\/wordpress\/wp-content\/uploads\/Loth_geschichte-Frk-99x150.jpg 99w, http:\/\/www.historikerkomitee.de\/wordpress\/wp-content\/uploads\/Loth_geschichte-Frk-768x1167.jpg 768w, http:\/\/www.historikerkomitee.de\/wordpress\/wp-content\/uploads\/Loth_geschichte-Frk-674x1024.jpg 674w, http:\/\/www.historikerkomitee.de\/wordpress\/wp-content\/uploads\/Loth_geschichte-Frk.jpg 777w\" alt=\"loth_geschichte-frk\" width=\"197\" height=\"300\" \/><\/div>\n<div class=\"art-postcontent clearfix\">\n<div class=\"pf-content\">Die <b>Geschichte Frankreichs im 20. Jahrhundert<\/b>, von\u00a0<strong>Wilfried Loth<\/strong>, die seit l\u00e4ngerer Zeit vergriffen war, wurde jetzt im Fischer Taschenbuch Verlag neu aufgelegt.<br \/>\nDie Printversion ist f\u00fcr 19,99 \u20ac erh\u00e4ltlich, das E-Book f\u00fcr 17,00 \u20ac.<br \/>\n300 Seiten, FISCHER Taschenbuch, ISBN 978-3-596-31481-2Hier <a href=\"http:\/\/www.fischerverlage.de\/buch\/geschichte_frankreichs_im_20_jahrhundert\/9783596314812\">der Link zur Verlagsank\u00fcndigung<\/a><em>Wilfried Loth zeichnet den spezifischen franz\u00f6sischen Weg zum modernen Industriestaat nach und bietet damit sowohl eine Einf\u00fchrung als auch eine Bilanz: eine Einf\u00fchrung in die franz\u00f6sische Geschichte, die die politische Kultur Frankreichs historisch erkl\u00e4rt, und eine Bilanz der Zeitgeschichtsforschung, die die Bestimmungsfaktoren des franz\u00f6sischen Modernisierungsprozesses herausarbeitet und so Anst\u00f6\u00dfe zu einer vergleichenden Betrachtung der deutschen und franz\u00f6sischen Geschichte im 20. Jahrhundert liefert.<\/em><\/p>\n<p>Wilfried Loth, Dr. phil., war von 1986\u20132014 Professor f\u00fcr Neuere und Neueste Geschichte an der Universit\u00e4t\/Gesamthochschule Essen (seit 2003 Universit\u00e4t Duisburg-Essen).<\/p>\n<\/div>\n<\/div>\n<div class=\"wp-socializer wpsr-share-icons\" data-lg-action=\"show\" data-sm-action=\"show\" data-sm-width=\"768\"><div class=\"wpsr-si-inner\"><div class=\"socializer sr-popup sr-32px sr-squircle sr-opacity sr-pad\"><span class=\"sr-facebook\"><a data-id=\"facebook\" style=\"color:#ffffff;\" rel=\"nofollow\" href=\"https:\/\/www.facebook.com\/share.php?u=\" target=\"_blank\" title=\"Share this on Facebook\"><i class=\"fab fa-facebook-f\"><\/i><\/a><\/span>\n<span class=\"sr-twitter\"><a data-id=\"twitter\" style=\"color:#ffffff;\" rel=\"nofollow\" href=\"https:\/\/twitter.com\/intent\/tweet?text=%20-%20%20\" target=\"_blank\" title=\"Tweet this !\"><i class=\"fab fa-twitter\"><\/i><\/a><\/span>\n<span class=\"sr-linkedin\"><a data-id=\"linkedin\" style=\"color:#ffffff;\" rel=\"nofollow\" href=\"https:\/\/www.linkedin.com\/sharing\/share-offsite\/?url=\" target=\"_blank\" title=\"Add this to LinkedIn\"><i class=\"fab fa-linkedin-in\"><\/i><\/a><\/span>\n<span class=\"sr-pdf\"><a data-id=\"pdf\" style=\"color:#ffffff;\" rel=\"nofollow\" href=\"https:\/\/www.printfriendly.com\/print?url=\" target=\"_blank\" title=\"Convert to PDF\"><i class=\"fa fa-file-pdf\"><\/i><\/a><\/span>\n<span class=\"sr-share-menu\"><a href=\"#\" target=\"_blank\" title=\"More share links\" style=\"color:#ffffff;\" data-metadata=\"{&quot;url&quot;:&quot;&quot;,&quot;title&quot;:&quot;&quot;,&quot;excerpt&quot;:&quot;&quot;,&quot;image&quot;:&quot;&quot;,&quot;short-url&quot;:&quot;&quot;,&quot;rss-url&quot;:&quot;http:\\\/\\\/www.historikerkomitee.de\\\/?feed=rss2&quot;,&quot;comments-section&quot;:&quot;comments&quot;,&quot;raw-url&quot;:null,&quot;twitter-username&quot;:&quot;&quot;,&quot;fb-app-id&quot;:&quot;&quot;,&quot;fb-app-secret&quot;:&quot;&quot;}\"><i class=\"fa fa-plus\"><\/i><\/a><\/span><\/div><\/div><\/div>","protected":false},"excerpt":{"rendered":"<p>\u00a0 Die Geschichte Frankreichs im 20. Jahrhundert, von\u00a0Wilfried Loth, die seit l\u00e4ngerer Zeit vergriffen war, wurde jetzt im Fischer Taschenbuch Verlag neu aufgelegt. Die Printversion ist f\u00fcr 19,99 \u20ac erh\u00e4ltlich, das E-Book f\u00fcr 17,00 \u20ac. 300 Seiten, FISCHER Taschenbuch, ISBN 978-3-596-31481-2Hier der Link zur Verlagsank\u00fcndigungWilfried Loth zeichnet den spezifischen franz\u00f6sischen Weg zum modernen Industriestaat nach &hellip; <a href=\"http:\/\/www.historikerkomitee.de\/?p=3396\" class=\"more-link\">Continuer la lecture de <span class=\"screen-reader-text\">Geschichte Frankreichs im 20. Jahrhundert<\/span>  <span class=\"meta-nav\">&rarr;<\/span><\/a><\/p>\n","protected":false},"author":3,"featured_media":0,"comment_status":"closed","ping_status":"closed","sticky":false,"template":"","format":"standard","meta":[],"categories":[17],"tags":[73],"acf":[],"_links":{"self":[{"href":"http:\/\/www.historikerkomitee.de\/index.php?rest_route=\/wp\/v2\/posts\/3396"}],"collection":[{"href":"http:\/\/www.historikerkomitee.de\/index.php?rest_route=\/wp\/v2\/posts"}],"about":[{"href":"http:\/\/www.historikerkomitee.de\/index.php?rest_route=\/wp\/v2\/types\/post"}],"author":[{"embeddable":true,"href":"http:\/\/www.historikerkomitee.de\/index.php?rest_route=\/wp\/v2\/users\/3"}],"replies":[{"embeddable":true,"href":"http:\/\/www.historikerkomitee.de\/index.php?rest_route=%2Fwp%2Fv2%2Fcomments&post=3396"}],"version-history":[{"count":3,"href":"http:\/\/www.historikerkomitee.de\/index.php?rest_route=\/wp\/v2\/posts\/3396\/revisions"}],"predecessor-version":[{"id":4400,"href":"http:\/\/www.historikerkomitee.de\/index.php?rest_route=\/wp\/v2\/posts\/3396\/revisions\/4400"}],"wp:attachment":[{"href":"http:\/\/www.historikerkomitee.de\/index.php?rest_route=%2Fwp%2Fv2%2Fmedia&parent=3396"}],"wp:term":[{"taxonomy":"category","embeddable":true,"href":"http:\/\/www.historikerkomitee.de\/index.php?rest_route=%2Fwp%2Fv2%2Fcategories&post=3396"},{"taxonomy":"post_tag","embeddable":true,"href":"http:\/\/www.historikerkomitee.de\/index.php?rest_route=%2Fwp%2Fv2%2Ftags&post=3396"}],"curies":[{"name":"wp","href":"https:\/\/api.w.org\/{rel}","templated":true}]}}