{"id":3398,"date":"2017-01-25T17:52:40","date_gmt":"2017-01-25T15:52:40","guid":{"rendered":"http:\/\/www.historikerkomitee.de\/?p=3398"},"modified":"2017-02-19T19:38:59","modified_gmt":"2017-02-19T17:38:59","slug":"gewerkschaften-arbeitswelt-und-arbeiterkultur-in-frankreich-und-deutschland-von-1890-bis-1990","status":"publish","type":"post","link":"http:\/\/www.historikerkomitee.de\/?p=3398","title":{"rendered":"Gewerkschaften, Arbeitswelt und Arbeiterkultur in Frankreich und Deutschland von 1890 bis 1990"},"content":{"rendered":"<p>Der Band 13 der Schriftenreihe des Deutsch-Franz\u00f6sischen Historikerkomitees \u2013 zur Berliner Tagung in 2012 \u2013 ist jetzt erschienen.<br \/>\nLe volume 13 de la collection du Comit\u00e9 franco-allemand des historiens vient de para\u00eetre chez Steiner:<\/p>\n<p><img loading=\"lazy\" class=\"alignleft\" src=\"http:\/\/www.steiner-verlag.de\/typo3temp\/pics\/9d6d4caecb.jpg\" alt=\"\" width=\"150\" height=\"212\" \/>Etienne Francois (Hrsg.), Wilfried Loth (Hrsg.)<br \/>\n<em><strong>Gewerkschaften, Arbeitswelt und Arbeiterkultur in Frankreich und Deutschland von 1890 bis 1990 \/ Syndicats et comportement ouvrier en France et en Allemagne de 1890 \u00e0 1990,<\/strong> <\/em>Band 13, Schriftenreihe des Deutsch-Franz\u00f6sischen Historikerkomitees, 2017, 177 S.<br \/>\nKartoniert. ISBN 978-3-515-11584-1<\/p>\n<p>Gewerkschaften spielen eine zentrale Rolle in der Selbstorganisation moderner Gesellschaften. Sie haben sich freilich in Frankreich und in Deutschland unterschiedlich entwickelt und sie agieren auch heute noch oft in unterschiedlicher Weise. Franz\u00f6sische und deutsche Historiker zeichnen in diesem Band die Geschichte der Selbstorganisation von Arbeiterinnen und Arbeitern in beiden L\u00e4ndern nach, von den Anf\u00e4ngen gewerkschaftlicher Organisation im 19. Jahrhundert bis zur Gestaltung der Arbeitsverh\u00e4ltnisse im ausgehenden 20. Jahrhundert. Anhand ausgew\u00e4hlter Beispiele wird insbesondere das Verh\u00e4ltnis zwischen den Lebensbedingungen der Arbeiter und Gewerkschaftsmitglieder und ihrer gewerkschaftlichen Organisation beleuchtet. Dabei werden auch Frauen, Jugendliche und Migranten als Teile der arbeitenden Bev\u00f6lkerung ber\u00fccksichtigt. Durch die deutsch-franz\u00f6sische Perspektive wird dar\u00fcber hinaus die wechselseitige Beeinflussung sichtbar, die bei dem bisher \u00fcblichen Blick auf die Entwicklungen im nationalen Rahmen zu wenig beachtet wurden. Der Band tr\u00e4gt damit zu einer erweiterten Geschichte des europ\u00e4ischen Sozialmodells bei.<\/p>\n<p><a href=\"http:\/\/www.steiner-verlag.de\/titel\/61084.html\"><img loading=\"lazy\" class=\"alignleft size-full wp-image-2828\" src=\"http:\/\/www.historikerkomitee.de\/wordpress\/wp-content\/uploads\/livre-anim1.gif\" alt=\"livre-anim1\" width=\"55\" height=\"48\" \/><\/a><\/p>\n<p><a href=\"http:\/\/www.steiner-verlag.de\/titel\/61084.html\">Link zur Verlag<\/a><\/p>\n<ul>\n<li><a href=\"http:\/\/www.steiner-verlag.de\/uploads\/tx_crondavtitel\/datei-datei\/9783515115841_i.pdf\" class=\"broken_link\" rel=\"nofollow\">Inhaltsverzeichnis<\/a><\/li>\n<li><a href=\"http:\/\/www.steiner-verlag.de\/reihe\/view\/listtitel.html?tx_crondavtitel_pi%5BfilterReihe%5D=369&amp;tx_crondavtitel_pi%5BfilterKategorie%5D=&amp;cHash=f114d2bea5be9ad7f50675febe16ce41\">Schriftenreihe des Deutsch-Franz\u00f6sischen Historikerkomitees<\/a><\/li>\n<\/ul>\n<div class=\"wp-socializer wpsr-share-icons\" data-lg-action=\"show\" data-sm-action=\"show\" data-sm-width=\"768\"><div class=\"wpsr-si-inner\"><div class=\"socializer sr-popup sr-32px sr-squircle sr-opacity sr-pad\"><span class=\"sr-facebook\"><a data-id=\"facebook\" style=\"color:#ffffff;\" rel=\"nofollow\" href=\"https:\/\/www.facebook.com\/share.php?u=\" target=\"_blank\" title=\"Share this on Facebook\"><i class=\"fab fa-facebook-f\"><\/i><\/a><\/span>\n<span class=\"sr-twitter\"><a data-id=\"twitter\" style=\"color:#ffffff;\" rel=\"nofollow\" href=\"https:\/\/twitter.com\/intent\/tweet?text=%20-%20%20\" target=\"_blank\" title=\"Tweet this !\"><i class=\"fab fa-twitter\"><\/i><\/a><\/span>\n<span class=\"sr-linkedin\"><a data-id=\"linkedin\" style=\"color:#ffffff;\" rel=\"nofollow\" href=\"https:\/\/www.linkedin.com\/sharing\/share-offsite\/?url=\" target=\"_blank\" title=\"Add this to LinkedIn\"><i class=\"fab fa-linkedin-in\"><\/i><\/a><\/span>\n<span class=\"sr-pdf\"><a data-id=\"pdf\" style=\"color:#ffffff;\" rel=\"nofollow\" href=\"https:\/\/www.printfriendly.com\/print?url=\" target=\"_blank\" title=\"Convert to PDF\"><i class=\"fa fa-file-pdf\"><\/i><\/a><\/span>\n<span class=\"sr-share-menu\"><a href=\"#\" target=\"_blank\" title=\"More share links\" style=\"color:#ffffff;\" data-metadata=\"{&quot;url&quot;:&quot;&quot;,&quot;title&quot;:&quot;&quot;,&quot;excerpt&quot;:&quot;&quot;,&quot;image&quot;:&quot;&quot;,&quot;short-url&quot;:&quot;&quot;,&quot;rss-url&quot;:&quot;http:\\\/\\\/www.historikerkomitee.de\\\/?feed=rss2&quot;,&quot;comments-section&quot;:&quot;comments&quot;,&quot;raw-url&quot;:null,&quot;twitter-username&quot;:&quot;&quot;,&quot;fb-app-id&quot;:&quot;&quot;,&quot;fb-app-secret&quot;:&quot;&quot;}\"><i class=\"fa fa-plus\"><\/i><\/a><\/span><\/div><\/div><\/div>","protected":false},"excerpt":{"rendered":"<p>Der Band 13 der Schriftenreihe des Deutsch-Franz\u00f6sischen Historikerkomitees \u2013 zur Berliner Tagung in 2012 \u2013 ist jetzt erschienen. Le volume 13 de la collection du Comit\u00e9 franco-allemand des historiens vient de para\u00eetre chez Steiner: Etienne Francois (Hrsg.), Wilfried Loth (Hrsg.) Gewerkschaften, Arbeitswelt und Arbeiterkultur in Frankreich und Deutschland von 1890 bis 1990 \/ Syndicats et &hellip; <a href=\"http:\/\/www.historikerkomitee.de\/?p=3398\" class=\"more-link\">Continuer la lecture de <span class=\"screen-reader-text\">Gewerkschaften, Arbeitswelt und Arbeiterkultur in Frankreich und Deutschland von 1890 bis 1990<\/span>  <span class=\"meta-nav\">&rarr;<\/span><\/a><\/p>\n","protected":false},"author":3,"featured_media":0,"comment_status":"closed","ping_status":"closed","sticky":false,"template":"","format":"standard","meta":[],"categories":[38,65],"tags":[50,51,47],"acf":[],"_links":{"self":[{"href":"http:\/\/www.historikerkomitee.de\/index.php?rest_route=\/wp\/v2\/posts\/3398"}],"collection":[{"href":"http:\/\/www.historikerkomitee.de\/index.php?rest_route=\/wp\/v2\/posts"}],"about":[{"href":"http:\/\/www.historikerkomitee.de\/index.php?rest_route=\/wp\/v2\/types\/post"}],"author":[{"embeddable":true,"href":"http:\/\/www.historikerkomitee.de\/index.php?rest_route=\/wp\/v2\/users\/3"}],"replies":[{"embeddable":true,"href":"http:\/\/www.historikerkomitee.de\/index.php?rest_route=%2Fwp%2Fv2%2Fcomments&post=3398"}],"version-history":[{"count":1,"href":"http:\/\/www.historikerkomitee.de\/index.php?rest_route=\/wp\/v2\/posts\/3398\/revisions"}],"predecessor-version":[{"id":3399,"href":"http:\/\/www.historikerkomitee.de\/index.php?rest_route=\/wp\/v2\/posts\/3398\/revisions\/3399"}],"wp:attachment":[{"href":"http:\/\/www.historikerkomitee.de\/index.php?rest_route=%2Fwp%2Fv2%2Fmedia&parent=3398"}],"wp:term":[{"taxonomy":"category","embeddable":true,"href":"http:\/\/www.historikerkomitee.de\/index.php?rest_route=%2Fwp%2Fv2%2Fcategories&post=3398"},{"taxonomy":"post_tag","embeddable":true,"href":"http:\/\/www.historikerkomitee.de\/index.php?rest_route=%2Fwp%2Fv2%2Ftags&post=3398"}],"curies":[{"name":"wp","href":"https:\/\/api.w.org\/{rel}","templated":true}]}}