{"id":3537,"date":"2017-07-17T00:00:37","date_gmt":"2017-07-16T22:00:37","guid":{"rendered":"http:\/\/www.historikerkomitee.de\/?p=3537"},"modified":"2017-07-18T00:24:52","modified_gmt":"2017-07-17T22:24:52","slug":"recrutement-dun-post-doctorant-a-luniversite-de-nantes-dans-le-cadre-du-labex-ehne","status":"publish","type":"post","link":"http:\/\/www.historikerkomitee.de\/?p=3537","title":{"rendered":"Recrutement d&rsquo;un post-doctorant \u00e0 l&rsquo;Universit\u00e9 de Nantes dans le cadre du Labex EHNE"},"content":{"rendered":"<p>Dans le cadre de la campagne d&rsquo;attractivit\u00e9 postdoctorale de l&rsquo;Universit\u00e9 Bretagne Loire, le CRHIA recrute un post-doctorant contractuel pour 12 mois \u00e0 compter du 1er novembre 2017.<\/p>\n<p class=\"Default\">Cofinanc\u00e9 par le LabEx EHNE et l&rsquo;UBL , le postdoctorant sera affect\u00e9 sur un programme de recherche l&rsquo;Institut d&rsquo;\u00e9tudes europ\u00e9ennes et globales Alliance Europa sur l\u2019histoire de l\u2019espace Schengen dans le cadre de la cr\u00e9ation d\u2019une chaire plac\u00e9e sous la responsabilit\u00e9 de Michel Catala, professeur d\u2019histoire contemporaine au CRHIA (Universit\u00e9 de Nantes) et Directeur d\u2019Alliance Europa, et d\u2019Yves Pascouau, docteur en droit europ\u00e9en et chercheur associ\u00e9 \u00e0 l\u2019Universit\u00e9 de Nantes.<\/p>\n<p class=\"Default\">L&rsquo;histoire de l&rsquo;espace Schengen, des origines pr\u00e9c\u00e9dant la signature du trait\u00e9 en 1985 jusqu&rsquo;\u00e0 son incorporation dans le Trait\u00e9 d&rsquo;Amsterdam de 1997, reste mal connu. Il s&rsquo;agit d&rsquo;\u00e9crire une histoire nouvelle de la libre circulation en Europe, de ses acteurs, des r\u00e9sistances qu&rsquo;elle doit surmonter, des processus d&rsquo;institutionnalisation qu&rsquo;elle g\u00e9n\u00e8re, des cons\u00e9quences sur les l\u00e9gislations et les pratiques des Etats membres, tant sur l&rsquo;ouverture des fronti\u00e8res int\u00e9rieures que sur le contr\u00f4le des fronti\u00e8res ext\u00e9rieures. La recherche tentera de mettre \u00e0 jour et de comprendre les dynamiques qui ont anim\u00e9 le projet Schengen, ses forces et ses faiblesses, les difficult\u00e9s et oppositions qui l\u2019ont accompagn\u00e9 ainsi que le jeu des acteurs qui l\u2019ont port\u00e9 ou l\u2019ont au contraire ralenti.<\/p>\n<p>Le post-doctorant devra r\u00e9aliser des recherches documentaires dans les archives allemandes, fran\u00e7aises et europ\u00e9ennes et participer \u00e0 des publications collectives. Il participera \u00e9galement \u00e0 l&rsquo;animation de s\u00e9minaires ou journ\u00e9es d&rsquo;\u00e9tudes.<\/p>\n<p>Date limite de candidature : <strong>30 septembre 2017<\/strong><\/p>\n<p>Plus de renseignements pour candidater :<br \/>\n&gt; <a id=\"LPlnk150604\" class=\"moz-txt-link-freetext broken_link\" href=\"https:\/\/www.crhia.fr\/actu.php?num_actu=733#bloc\" rel=\"nofollow\"> https:\/\/www.crhia.fr\/actu.php?num_actu=733#bloc<\/a><\/p>\n<div class=\"wp-socializer wpsr-share-icons\" data-lg-action=\"show\" data-sm-action=\"show\" data-sm-width=\"768\"><div class=\"wpsr-si-inner\"><div class=\"socializer sr-popup sr-32px sr-squircle sr-opacity sr-pad\"><span class=\"sr-facebook\"><a data-id=\"facebook\" style=\"color:#ffffff;\" rel=\"nofollow\" href=\"https:\/\/www.facebook.com\/share.php?u=\" target=\"_blank\" title=\"Share this on Facebook\"><i class=\"fab fa-facebook-f\"><\/i><\/a><\/span>\n<span class=\"sr-twitter\"><a data-id=\"twitter\" style=\"color:#ffffff;\" rel=\"nofollow\" href=\"https:\/\/twitter.com\/intent\/tweet?text=%20-%20%20\" target=\"_blank\" title=\"Tweet this !\"><i class=\"fab fa-twitter\"><\/i><\/a><\/span>\n<span class=\"sr-linkedin\"><a data-id=\"linkedin\" style=\"color:#ffffff;\" rel=\"nofollow\" href=\"https:\/\/www.linkedin.com\/sharing\/share-offsite\/?url=\" target=\"_blank\" title=\"Add this to LinkedIn\"><i class=\"fab fa-linkedin-in\"><\/i><\/a><\/span>\n<span class=\"sr-pdf\"><a data-id=\"pdf\" style=\"color:#ffffff;\" rel=\"nofollow\" href=\"https:\/\/www.printfriendly.com\/print?url=\" target=\"_blank\" title=\"Convert to PDF\"><i class=\"fa fa-file-pdf\"><\/i><\/a><\/span>\n<span class=\"sr-share-menu\"><a href=\"#\" target=\"_blank\" title=\"More share links\" style=\"color:#ffffff;\" data-metadata=\"{&quot;url&quot;:&quot;&quot;,&quot;title&quot;:&quot;&quot;,&quot;excerpt&quot;:&quot;&quot;,&quot;image&quot;:&quot;&quot;,&quot;short-url&quot;:&quot;&quot;,&quot;rss-url&quot;:&quot;http:\\\/\\\/www.historikerkomitee.de\\\/?feed=rss2&quot;,&quot;comments-section&quot;:&quot;comments&quot;,&quot;raw-url&quot;:null,&quot;twitter-username&quot;:&quot;&quot;,&quot;fb-app-id&quot;:&quot;&quot;,&quot;fb-app-secret&quot;:&quot;&quot;}\"><i class=\"fa fa-plus\"><\/i><\/a><\/span><\/div><\/div><\/div>","protected":false},"excerpt":{"rendered":"<p>Dans le cadre de la campagne d&rsquo;attractivit\u00e9 postdoctorale de l&rsquo;Universit\u00e9 Bretagne Loire, le CRHIA recrute un post-doctorant contractuel pour 12 mois \u00e0 compter du 1er novembre 2017. Cofinanc\u00e9 par le LabEx EHNE et l&rsquo;UBL , le postdoctorant sera affect\u00e9 sur un programme de recherche l&rsquo;Institut d&rsquo;\u00e9tudes europ\u00e9ennes et globales Alliance Europa sur l\u2019histoire de l\u2019espace &hellip; <a href=\"http:\/\/www.historikerkomitee.de\/?p=3537\" class=\"more-link\">Continuer la lecture de <span class=\"screen-reader-text\">Recrutement d&rsquo;un post-doctorant \u00e0 l&rsquo;Universit\u00e9 de Nantes dans le cadre du Labex EHNE<\/span>  <span class=\"meta-nav\">&rarr;<\/span><\/a><\/p>\n","protected":false},"author":3,"featured_media":0,"comment_status":"closed","ping_status":"closed","sticky":false,"template":"","format":"standard","meta":[],"categories":[55],"tags":[],"acf":[],"_links":{"self":[{"href":"http:\/\/www.historikerkomitee.de\/index.php?rest_route=\/wp\/v2\/posts\/3537"}],"collection":[{"href":"http:\/\/www.historikerkomitee.de\/index.php?rest_route=\/wp\/v2\/posts"}],"about":[{"href":"http:\/\/www.historikerkomitee.de\/index.php?rest_route=\/wp\/v2\/types\/post"}],"author":[{"embeddable":true,"href":"http:\/\/www.historikerkomitee.de\/index.php?rest_route=\/wp\/v2\/users\/3"}],"replies":[{"embeddable":true,"href":"http:\/\/www.historikerkomitee.de\/index.php?rest_route=%2Fwp%2Fv2%2Fcomments&post=3537"}],"version-history":[{"count":1,"href":"http:\/\/www.historikerkomitee.de\/index.php?rest_route=\/wp\/v2\/posts\/3537\/revisions"}],"predecessor-version":[{"id":3538,"href":"http:\/\/www.historikerkomitee.de\/index.php?rest_route=\/wp\/v2\/posts\/3537\/revisions\/3538"}],"wp:attachment":[{"href":"http:\/\/www.historikerkomitee.de\/index.php?rest_route=%2Fwp%2Fv2%2Fmedia&parent=3537"}],"wp:term":[{"taxonomy":"category","embeddable":true,"href":"http:\/\/www.historikerkomitee.de\/index.php?rest_route=%2Fwp%2Fv2%2Fcategories&post=3537"},{"taxonomy":"post_tag","embeddable":true,"href":"http:\/\/www.historikerkomitee.de\/index.php?rest_route=%2Fwp%2Fv2%2Ftags&post=3537"}],"curies":[{"name":"wp","href":"https:\/\/api.w.org\/{rel}","templated":true}]}}