{"id":3570,"date":"2017-10-22T00:00:54","date_gmt":"2017-10-21T22:00:54","guid":{"rendered":"http:\/\/www.historikerkomitee.de\/?p=3570"},"modified":"2022-05-02T19:47:17","modified_gmt":"2022-05-02T17:47:17","slug":"perspectives-franco-allemandes-sur-le-front-de-laisne","status":"publish","type":"post","link":"http:\/\/www.historikerkomitee.de\/?p=3570","title":{"rendered":"Perspectives franco-allemandes sur le front de l&rsquo;Aisne"},"content":{"rendered":"<h4 dir=\"auto\"><span style=\"font-family: georgia,palatino,serif;\">Avis de publication et Table-ronde<br \/>\n<\/span><\/h4>\n<div dir=\"auto\"><span style=\"font-family: georgia,palatino,serif; font-size: 14pt;\"><strong>\u200b <span style=\"color: #993300;\">jeudi 26 octobre 2017 \u00e0 19h30<\/span><\/strong><\/span><\/div>\n<div dir=\"auto\"><span style=\"font-family: georgia,palatino,serif;\"><img loading=\"lazy\" class=\"alignleft wp-image-3571\" src=\"http:\/\/www.historikerkomitee.de\/wordpress\/wp-content\/uploads\/cote-a-cote-Theofilakis-204x300.jpg\" alt=\"\" width=\"225\" height=\"331\" srcset=\"http:\/\/www.historikerkomitee.de\/wordpress\/wp-content\/uploads\/cote-a-cote-Theofilakis-204x300.jpg 204w, http:\/\/www.historikerkomitee.de\/wordpress\/wp-content\/uploads\/cote-a-cote-Theofilakis-102x150.jpg 102w, http:\/\/www.historikerkomitee.de\/wordpress\/wp-content\/uploads\/cote-a-cote-Theofilakis.jpg 372w\" sizes=\"(max-width: 225px) 100vw, 225px\" \/><\/span><\/div>\n<div dir=\"auto\"><span style=\"font-family: georgia,palatino,serif;\">aura lieu,\u00a0\u00e0 la <strong>maison Heinrich Heine<\/strong> (cit\u00e9 universitaire), la pr\u00e9sentation de l&rsquo;ouvrage bilingue :<\/span><\/div>\n<div dir=\"auto\"><\/div>\n<div dir=\"auto\">Fabien Th\u00e9ofilakis (dir.), <em>Cote \u00e0 C\u00f4te. Berry-au-Bac dans la Premi\u00e8re Guerre mondiale. Perspectives franco-allemandes sur les fronts de l&rsquo;Aisne<\/em>, \/\u00a0<span style=\"font-family: georgia,palatino,serif;\"><i>Die H\u00f6he 108\u00a0<\/i><i>ben<\/i><i>\u00a0Berry-au-Bac im Ersten Weltkrieg. Die Fronten an der Aisne\u00a0<\/i><i>aus\u00a0<\/i><i>deutsche<\/i><i>\u00a0und franz\u00f6sischer Sicht<\/i>, <\/span><span style=\"font-family: georgia,palatino,serif;\"><i>Die H\u00f6he 108\u00a0<\/i><i>ben<\/i><i>\u00a0Berry-au-Bac im Ersten Weltkrieg. Die Fronten an der Aisne\u00a0<\/i><i>aus\u00a0<\/i><i>deutsche<\/i><i>\u00a0und franz\u00f6sischer Sicht<\/i>, Bruxelles, P<\/span>eter Lang \u00e9diteur, 2017.<\/div>\n<div dir=\"auto\"><\/div>\n<div dir=\"auto\">Sous forme de table-ronde,<\/div>\n<div dir=\"auto\"><span style=\"color: #993300; font-size: 14pt;\"><strong>Cent ans apr\u00e8s, la Premi\u00e8re Guerre mondiale des deux c\u00f4t\u00e9s du front. Perspectives franco-allemandes sur le front de l&rsquo;Aisne,<\/strong><\/span><\/div>\n<div dir=\"auto\">c<span style=\"font-family: georgia,palatino,serif; font-size: 12pt;\">ette pr\u00e9sentation r\u00e9unira les auteurs fran\u00e7ais et allemands avant une s\u00e9ance de signature autour d&rsquo;un verre. <\/span><\/div>\n<div dir=\"auto\"><span style=\"font-size: 12pt; font-family: georgia,palatino,serif;\">Vous y \u00eates cordialement invit\u00e9s.\u200b<\/span><\/div>\n<div dir=\"auto\"><em>Intervenants<\/em><br \/>\nJulia KNECHTLE, Amaury BERNARD, Pedro PEREIRA<br \/>\nBARROSO, David PFEFFER, Stefan SCHUBERT et Fabien TH\u00c9OFILAKIS, organisateur.<\/div>\n<div dir=\"auto\"><\/div>\n<div dir=\"auto\"><em>Traduction simultan\u00e9e<\/em><\/div>\n<div dir=\"auto\"><em>Entr\u00e9e libre dans la limite des places disponibles<\/em><\/div>\n<ul>\n<li dir=\"auto\">Voir <a href=\"http:\/\/www.historikerkomitee.de\/wordpress\/wp-content\/uploads\/HHH-Affiche2610.pdf\">le flyer<\/a><\/li>\n<\/ul>\n<p>&nbsp;<\/p>\n<div class=\"wp-socializer wpsr-share-icons\" data-lg-action=\"show\" data-sm-action=\"show\" data-sm-width=\"768\"><div class=\"wpsr-si-inner\"><div class=\"socializer sr-popup sr-32px sr-squircle sr-opacity sr-pad\"><span class=\"sr-facebook\"><a data-id=\"facebook\" style=\"color:#ffffff;\" rel=\"nofollow\" href=\"https:\/\/www.facebook.com\/share.php?u=\" target=\"_blank\" title=\"Share this on Facebook\"><i class=\"fab fa-facebook-f\"><\/i><\/a><\/span>\n<span class=\"sr-twitter\"><a data-id=\"twitter\" style=\"color:#ffffff;\" rel=\"nofollow\" href=\"https:\/\/twitter.com\/intent\/tweet?text=%20-%20%20\" target=\"_blank\" title=\"Tweet this !\"><i class=\"fab fa-twitter\"><\/i><\/a><\/span>\n<span class=\"sr-linkedin\"><a data-id=\"linkedin\" style=\"color:#ffffff;\" rel=\"nofollow\" href=\"https:\/\/www.linkedin.com\/sharing\/share-offsite\/?url=\" target=\"_blank\" title=\"Add this to LinkedIn\"><i class=\"fab fa-linkedin-in\"><\/i><\/a><\/span>\n<span class=\"sr-pdf\"><a data-id=\"pdf\" style=\"color:#ffffff;\" rel=\"nofollow\" href=\"https:\/\/www.printfriendly.com\/print?url=\" target=\"_blank\" title=\"Convert to PDF\"><i class=\"fa fa-file-pdf\"><\/i><\/a><\/span>\n<span class=\"sr-share-menu\"><a href=\"#\" target=\"_blank\" title=\"More share links\" style=\"color:#ffffff;\" data-metadata=\"{&quot;url&quot;:&quot;&quot;,&quot;title&quot;:&quot;&quot;,&quot;excerpt&quot;:&quot;&quot;,&quot;image&quot;:&quot;&quot;,&quot;short-url&quot;:&quot;&quot;,&quot;rss-url&quot;:&quot;http:\\\/\\\/www.historikerkomitee.de\\\/?feed=rss2&quot;,&quot;comments-section&quot;:&quot;comments&quot;,&quot;raw-url&quot;:null,&quot;twitter-username&quot;:&quot;&quot;,&quot;fb-app-id&quot;:&quot;&quot;,&quot;fb-app-secret&quot;:&quot;&quot;}\"><i class=\"fa fa-plus\"><\/i><\/a><\/span><\/div><\/div><\/div>","protected":false},"excerpt":{"rendered":"<p>Avis de publication et Table-ronde \u200b jeudi 26 octobre 2017 \u00e0 19h30 aura lieu,\u00a0\u00e0 la maison Heinrich Heine (cit\u00e9 universitaire), la pr\u00e9sentation de l&rsquo;ouvrage bilingue : Fabien Th\u00e9ofilakis (dir.), Cote \u00e0 C\u00f4te. Berry-au-Bac dans la Premi\u00e8re Guerre mondiale. Perspectives franco-allemandes sur les fronts de l&rsquo;Aisne, \/\u00a0Die H\u00f6he 108\u00a0ben\u00a0Berry-au-Bac im Ersten Weltkrieg. Die Fronten an der &hellip; <a href=\"http:\/\/www.historikerkomitee.de\/?p=3570\" class=\"more-link\">Continuer la lecture de <span class=\"screen-reader-text\">Perspectives franco-allemandes sur le front de l&rsquo;Aisne<\/span>  <span class=\"meta-nav\">&rarr;<\/span><\/a><\/p>\n","protected":false},"author":3,"featured_media":0,"comment_status":"closed","ping_status":"closed","sticky":false,"template":"","format":"standard","meta":[],"categories":[17,33],"tags":[28],"acf":[],"_links":{"self":[{"href":"http:\/\/www.historikerkomitee.de\/index.php?rest_route=\/wp\/v2\/posts\/3570"}],"collection":[{"href":"http:\/\/www.historikerkomitee.de\/index.php?rest_route=\/wp\/v2\/posts"}],"about":[{"href":"http:\/\/www.historikerkomitee.de\/index.php?rest_route=\/wp\/v2\/types\/post"}],"author":[{"embeddable":true,"href":"http:\/\/www.historikerkomitee.de\/index.php?rest_route=\/wp\/v2\/users\/3"}],"replies":[{"embeddable":true,"href":"http:\/\/www.historikerkomitee.de\/index.php?rest_route=%2Fwp%2Fv2%2Fcomments&post=3570"}],"version-history":[{"count":3,"href":"http:\/\/www.historikerkomitee.de\/index.php?rest_route=\/wp\/v2\/posts\/3570\/revisions"}],"predecessor-version":[{"id":3576,"href":"http:\/\/www.historikerkomitee.de\/index.php?rest_route=\/wp\/v2\/posts\/3570\/revisions\/3576"}],"wp:attachment":[{"href":"http:\/\/www.historikerkomitee.de\/index.php?rest_route=%2Fwp%2Fv2%2Fmedia&parent=3570"}],"wp:term":[{"taxonomy":"category","embeddable":true,"href":"http:\/\/www.historikerkomitee.de\/index.php?rest_route=%2Fwp%2Fv2%2Fcategories&post=3570"},{"taxonomy":"post_tag","embeddable":true,"href":"http:\/\/www.historikerkomitee.de\/index.php?rest_route=%2Fwp%2Fv2%2Ftags&post=3570"}],"curies":[{"name":"wp","href":"https:\/\/api.w.org\/{rel}","templated":true}]}}