{"id":3778,"date":"2019-03-01T09:05:04","date_gmt":"2019-03-01T07:05:04","guid":{"rendered":"http:\/\/www.historikerkomitee.de\/?p=3778"},"modified":"2021-06-06T16:53:19","modified_gmt":"2021-06-06T14:53:19","slug":"en-hommage-a-im-gedenken-an-helmut-berding-1930-2019","status":"publish","type":"post","link":"http:\/\/www.historikerkomitee.de\/?p=3778","title":{"rendered":"En hommage \u00e0 \/ im Gedenken an Helmut Berding (1930-2019)"},"content":{"rendered":"<p>Le Comit\u00e9 franco-allemand des historiens a la tristesse de vous faire part de la disparition de l&rsquo;un de ses membres, le professeur Helmut Berding.<\/p>\n<p>Prof. Dr. Berding lehrte von 1972 bis zur Emeritierung 1998 als Professor f\u00fcr Neuere Geschichte an der Justus-Liebig-Universit\u00e4t Gie\u00dfen. Seine Forschungst\u00e4tigkeit konzentrierte sich auf Studien zur Entstehung der modernen Welt, zur Geschichte und Vorgeschichte des Antisemitismus, zu Problemen der nationalen und kulturellen Identit\u00e4t, zur Geschichte des deutsch-franz\u00f6sischen Verh\u00e4ltnisses.<\/p>\n<h4>Forschungsschwerpunkte<\/h4>\n<ul>\n<li>Allgemeine Geschichte des 19. und 20. Jahrhunderts<\/li>\n<li>Rationalismus, Mythos, kollektives Bewusstsein<\/li>\n<li>Deutschland und Frankreich zur Zeit der Franz\u00f6sischen Revolution<\/li>\n<li>Napoleon und das Zeitalter der Reformen<\/li>\n<li>Moderner Antisemitismus<\/li>\n<li>Entstehung und Geschichte des Bundeslandes Hessen<\/li>\n<\/ul>\n<p><a href=\"https:\/\/www.fes.de\/nachruf-helmut-berding\/\" class=\"broken_link\" rel=\"nofollow\"><strong>Sehe Nachruf (FES) hier<\/strong><\/a><\/p>\n<div class=\"wp-socializer wpsr-share-icons\" data-lg-action=\"show\" data-sm-action=\"show\" data-sm-width=\"768\"><div class=\"wpsr-si-inner\"><div class=\"socializer sr-popup sr-32px sr-squircle sr-opacity sr-pad\"><span class=\"sr-facebook\"><a data-id=\"facebook\" style=\"color:#ffffff;\" rel=\"nofollow\" href=\"https:\/\/www.facebook.com\/share.php?u=\" target=\"_blank\" title=\"Share this on Facebook\"><i class=\"fab fa-facebook-f\"><\/i><\/a><\/span>\n<span class=\"sr-twitter\"><a data-id=\"twitter\" style=\"color:#ffffff;\" rel=\"nofollow\" href=\"https:\/\/twitter.com\/intent\/tweet?text=%20-%20%20\" target=\"_blank\" title=\"Tweet this !\"><i class=\"fab fa-twitter\"><\/i><\/a><\/span>\n<span class=\"sr-linkedin\"><a data-id=\"linkedin\" style=\"color:#ffffff;\" rel=\"nofollow\" href=\"https:\/\/www.linkedin.com\/sharing\/share-offsite\/?url=\" target=\"_blank\" title=\"Add this to LinkedIn\"><i class=\"fab fa-linkedin-in\"><\/i><\/a><\/span>\n<span class=\"sr-pdf\"><a data-id=\"pdf\" style=\"color:#ffffff;\" rel=\"nofollow\" href=\"https:\/\/www.printfriendly.com\/print?url=\" target=\"_blank\" title=\"Convert to PDF\"><i class=\"fa fa-file-pdf\"><\/i><\/a><\/span>\n<span class=\"sr-share-menu\"><a href=\"#\" target=\"_blank\" title=\"More share links\" style=\"color:#ffffff;\" data-metadata=\"{&quot;url&quot;:&quot;&quot;,&quot;title&quot;:&quot;&quot;,&quot;excerpt&quot;:&quot;&quot;,&quot;image&quot;:&quot;&quot;,&quot;short-url&quot;:&quot;&quot;,&quot;rss-url&quot;:&quot;http:\\\/\\\/www.historikerkomitee.de\\\/?feed=rss2&quot;,&quot;comments-section&quot;:&quot;comments&quot;,&quot;raw-url&quot;:null,&quot;twitter-username&quot;:&quot;&quot;,&quot;fb-app-id&quot;:&quot;&quot;,&quot;fb-app-secret&quot;:&quot;&quot;}\"><i class=\"fa fa-plus\"><\/i><\/a><\/span><\/div><\/div><\/div>","protected":false},"excerpt":{"rendered":"<p>Le Comit\u00e9 franco-allemand des historiens a la tristesse de vous faire part de la disparition de l&rsquo;un de ses membres, le professeur Helmut Berding. Prof. Dr. Berding lehrte von 1972 bis zur Emeritierung 1998 als Professor f\u00fcr Neuere Geschichte an der Justus-Liebig-Universit\u00e4t Gie\u00dfen. Seine Forschungst\u00e4tigkeit konzentrierte sich auf Studien zur Entstehung der modernen Welt, zur &hellip; <a href=\"http:\/\/www.historikerkomitee.de\/?p=3778\" class=\"more-link\">Continuer la lecture de <span class=\"screen-reader-text\">En hommage \u00e0 \/ im Gedenken an Helmut Berding (1930-2019)<\/span>  <span class=\"meta-nav\">&rarr;<\/span><\/a><\/p>\n","protected":false},"author":3,"featured_media":0,"comment_status":"closed","ping_status":"closed","sticky":false,"template":"","format":"standard","meta":[],"categories":[57],"tags":[],"acf":[],"_links":{"self":[{"href":"http:\/\/www.historikerkomitee.de\/index.php?rest_route=\/wp\/v2\/posts\/3778"}],"collection":[{"href":"http:\/\/www.historikerkomitee.de\/index.php?rest_route=\/wp\/v2\/posts"}],"about":[{"href":"http:\/\/www.historikerkomitee.de\/index.php?rest_route=\/wp\/v2\/types\/post"}],"author":[{"embeddable":true,"href":"http:\/\/www.historikerkomitee.de\/index.php?rest_route=\/wp\/v2\/users\/3"}],"replies":[{"embeddable":true,"href":"http:\/\/www.historikerkomitee.de\/index.php?rest_route=%2Fwp%2Fv2%2Fcomments&post=3778"}],"version-history":[{"count":5,"href":"http:\/\/www.historikerkomitee.de\/index.php?rest_route=\/wp\/v2\/posts\/3778\/revisions"}],"predecessor-version":[{"id":4167,"href":"http:\/\/www.historikerkomitee.de\/index.php?rest_route=\/wp\/v2\/posts\/3778\/revisions\/4167"}],"wp:attachment":[{"href":"http:\/\/www.historikerkomitee.de\/index.php?rest_route=%2Fwp%2Fv2%2Fmedia&parent=3778"}],"wp:term":[{"taxonomy":"category","embeddable":true,"href":"http:\/\/www.historikerkomitee.de\/index.php?rest_route=%2Fwp%2Fv2%2Fcategories&post=3778"},{"taxonomy":"post_tag","embeddable":true,"href":"http:\/\/www.historikerkomitee.de\/index.php?rest_route=%2Fwp%2Fv2%2Ftags&post=3778"}],"curies":[{"name":"wp","href":"https:\/\/api.w.org\/{rel}","templated":true}]}}