{"id":4255,"date":"2021-12-07T13:03:48","date_gmt":"2021-12-07T11:03:48","guid":{"rendered":"http:\/\/www.historikerkomitee.de\/?p=4255"},"modified":"2022-05-02T19:20:49","modified_gmt":"2022-05-02T17:20:49","slug":"aac-cfp-a-la-rencontre-des-sources-du-for-prive","status":"publish","type":"post","link":"http:\/\/www.historikerkomitee.de\/?p=4255","title":{"rendered":"AAC\/CfP: \u00c0 la rencontre des sources du for priv\u00e9"},"content":{"rendered":"<p><span style=\"color: #993300;\"><strong>AAC\/CfP:\u00a0<\/strong><b>\u00c0 la rencontre des sources du for priv\u00e9\u00a0: carnets personnels \u00e0 l\u2019\u00e9poque de la Seconde Guerre mondiale et leurs apports pour la recherche<\/b><\/span><\/p>\n<p>Au fil du XX<sup>e<\/sup> si\u00e8cle, l\u2019int\u00e9r\u00eat du public et de la recherche pour le genre du t\u00e9moignage s\u2019est amplifi\u00e9 par \u00e9tapes. Le champ d\u2019exp\u00e9riences des guerres a jou\u00e9 son r\u00f4le dans la multiplication des t\u00e9moignages et leur utilisation dans le domaine judiciaire, et notamment dans les grands proc\u00e8s contre les criminels de guerre. L\u2019exposition publique des t\u00e9moins et l\u2019int\u00e9r\u00eat m\u00e9diatique que suscitent les proc\u00e8s stimule, voire n\u00e9cessite ensuite des r\u00e9flexions \u00e9pist\u00e9mologiques en sciences humaines.\u00a0\u00c0 l\u2019heure o\u00f9 en Allemagne f\u00e9d\u00e9rale des acteurs centenaires se voient d\u00e9masqu\u00e9s et traduits en justice, alors que le jour approche o\u00f9 les derniers t\u00e9moins de la Seconde Guerre mondiale auront disparu, il nous para\u00eet int\u00e9ressant d\u2019initier une r\u00e9flexion interdisciplinaire sur l\u2019\u00e9tude et l\u2019apport des \u00e9godocuments en sciences humaines. Au-del\u00e0 des disciplines de la litt\u00e9rature et de la socio-anthropologie qui s\u2019imposent, nous incluons le champ de la mus\u00e9ologie qui a connu des innovations notables ces derni\u00e8res ann\u00e9es. Ce faisant, nous profitons de l\u2019opportunit\u00e9 d\u2019assister litt\u00e9ralement en temps r\u00e9el \u00e0 une application concr\u00e8te, car le mus\u00e9e de la R\u00e9sistance et de la D\u00e9portation bisontin est actuellement en train de refonder compl\u00e8tement sa narration et son exposition. Sa r\u00e9ouverture au public est pr\u00e9vue pour\u00a0juin 2024, date envisag\u00e9e pour le colloque international qui viendra cl\u00f4turer le travail collectif.\u00a0Nous proposons d\u2019organiser la r\u00e9flexion collective en plusieurs volets, voir le <a href=\"http:\/\/www.historikerkomitee.de\/wordpress\/wp-content\/uploads\/21-2xEgoConflitsAppel1.pdf\">programme provisoire<\/a>.<\/p>\n<p>Envoi de propositions de contribution (titre et esquisse de continu) en <strong>1000\u00a0signes maximum<\/strong>\u00a0jusqu&rsquo;au <strong>15 janvier 2020<\/strong> \u00e0\u00a0stephanie.krapoth(at)univ-fcomte.fr et sophie.lorioz(at)univ-fcomte.fr<br \/>\nVous trouverez <a href=\"http:\/\/www.historikerkomitee.de\/wordpress\/wp-content\/uploads\/21-2xEgoConflitsAppel1.pdf\">toutes les informations sur l&rsquo;ACC\/CfP<\/a>.<\/p>\n<p>&nbsp;<\/p>\n<p>&nbsp;<\/p>\n<div class=\"wp-socializer wpsr-share-icons\" data-lg-action=\"show\" data-sm-action=\"show\" data-sm-width=\"768\"><div class=\"wpsr-si-inner\"><div class=\"socializer sr-popup sr-32px sr-squircle sr-opacity sr-pad\"><span class=\"sr-facebook\"><a data-id=\"facebook\" style=\"color:#ffffff;\" rel=\"nofollow\" href=\"https:\/\/www.facebook.com\/share.php?u=\" target=\"_blank\" title=\"Share this on Facebook\"><i class=\"fab fa-facebook-f\"><\/i><\/a><\/span>\n<span class=\"sr-twitter\"><a data-id=\"twitter\" style=\"color:#ffffff;\" rel=\"nofollow\" href=\"https:\/\/twitter.com\/intent\/tweet?text=%20-%20%20\" target=\"_blank\" title=\"Tweet this !\"><i class=\"fab fa-twitter\"><\/i><\/a><\/span>\n<span class=\"sr-linkedin\"><a data-id=\"linkedin\" style=\"color:#ffffff;\" rel=\"nofollow\" href=\"https:\/\/www.linkedin.com\/sharing\/share-offsite\/?url=\" target=\"_blank\" title=\"Add this to LinkedIn\"><i class=\"fab fa-linkedin-in\"><\/i><\/a><\/span>\n<span class=\"sr-pdf\"><a data-id=\"pdf\" style=\"color:#ffffff;\" rel=\"nofollow\" href=\"https:\/\/www.printfriendly.com\/print?url=\" target=\"_blank\" title=\"Convert to PDF\"><i class=\"fa fa-file-pdf\"><\/i><\/a><\/span>\n<span class=\"sr-share-menu\"><a href=\"#\" target=\"_blank\" title=\"More share links\" style=\"color:#ffffff;\" data-metadata=\"{&quot;url&quot;:&quot;&quot;,&quot;title&quot;:&quot;&quot;,&quot;excerpt&quot;:&quot;&quot;,&quot;image&quot;:&quot;&quot;,&quot;short-url&quot;:&quot;&quot;,&quot;rss-url&quot;:&quot;http:\\\/\\\/www.historikerkomitee.de\\\/?feed=rss2&quot;,&quot;comments-section&quot;:&quot;comments&quot;,&quot;raw-url&quot;:null,&quot;twitter-username&quot;:&quot;&quot;,&quot;fb-app-id&quot;:&quot;&quot;,&quot;fb-app-secret&quot;:&quot;&quot;}\"><i class=\"fa fa-plus\"><\/i><\/a><\/span><\/div><\/div><\/div>","protected":false},"excerpt":{"rendered":"<p>AAC\/CfP:\u00a0\u00c0 la rencontre des sources du for priv\u00e9\u00a0: carnets personnels \u00e0 l\u2019\u00e9poque de la Seconde Guerre mondiale et leurs apports pour la recherche Au fil du XXe si\u00e8cle, l\u2019int\u00e9r\u00eat du public et de la recherche pour le genre du t\u00e9moignage s\u2019est amplifi\u00e9 par \u00e9tapes. Le champ d\u2019exp\u00e9riences des guerres a jou\u00e9 son r\u00f4le dans la &hellip; <a href=\"http:\/\/www.historikerkomitee.de\/?p=4255\" class=\"more-link\">Continuer la lecture de <span class=\"screen-reader-text\">AAC\/CfP: \u00c0 la rencontre des sources du for priv\u00e9<\/span>  <span class=\"meta-nav\">&rarr;<\/span><\/a><\/p>\n","protected":false},"author":3,"featured_media":0,"comment_status":"closed","ping_status":"closed","sticky":false,"template":"","format":"standard","meta":[],"categories":[20],"tags":[],"acf":[],"_links":{"self":[{"href":"http:\/\/www.historikerkomitee.de\/index.php?rest_route=\/wp\/v2\/posts\/4255"}],"collection":[{"href":"http:\/\/www.historikerkomitee.de\/index.php?rest_route=\/wp\/v2\/posts"}],"about":[{"href":"http:\/\/www.historikerkomitee.de\/index.php?rest_route=\/wp\/v2\/types\/post"}],"author":[{"embeddable":true,"href":"http:\/\/www.historikerkomitee.de\/index.php?rest_route=\/wp\/v2\/users\/3"}],"replies":[{"embeddable":true,"href":"http:\/\/www.historikerkomitee.de\/index.php?rest_route=%2Fwp%2Fv2%2Fcomments&post=4255"}],"version-history":[{"count":4,"href":"http:\/\/www.historikerkomitee.de\/index.php?rest_route=\/wp\/v2\/posts\/4255\/revisions"}],"predecessor-version":[{"id":4260,"href":"http:\/\/www.historikerkomitee.de\/index.php?rest_route=\/wp\/v2\/posts\/4255\/revisions\/4260"}],"wp:attachment":[{"href":"http:\/\/www.historikerkomitee.de\/index.php?rest_route=%2Fwp%2Fv2%2Fmedia&parent=4255"}],"wp:term":[{"taxonomy":"category","embeddable":true,"href":"http:\/\/www.historikerkomitee.de\/index.php?rest_route=%2Fwp%2Fv2%2Fcategories&post=4255"},{"taxonomy":"post_tag","embeddable":true,"href":"http:\/\/www.historikerkomitee.de\/index.php?rest_route=%2Fwp%2Fv2%2Ftags&post=4255"}],"curies":[{"name":"wp","href":"https:\/\/api.w.org\/{rel}","templated":true}]}}