{"id":4492,"date":"2022-09-14T18:57:11","date_gmt":"2022-09-14T16:57:11","guid":{"rendered":"http:\/\/www.historikerkomitee.de\/?p=4492"},"modified":"2022-09-14T18:57:11","modified_gmt":"2022-09-14T16:57:11","slug":"le-tract-en-rda","status":"publish","type":"post","link":"http:\/\/www.historikerkomitee.de\/?p=4492","title":{"rendered":"Le tract en RDA"},"content":{"rendered":"<h3><span style=\"color: #993300;\">H\u00e9l\u00e8ne Camarade, Le tract en RDA 1949-1990, Instrument de r\u00e9sistance, d\u2019opposition et de conqu\u00eate de l\u2019espace public, Bordeaux, Presses Universitaires de Bordeaux, 2022<\/span><\/h3>\n<div class=\"page\" title=\"Page 1\">\n<div class=\"section\">\n<div class=\"layoutArea\">\n<div class=\"column\">\n<p><img loading=\"lazy\" class=\"alignleft size-full wp-image-4494\" src=\"http:\/\/www.historikerkomitee.de\/wordpress\/wp-content\/uploads\/Unknown.jpeg\" alt=\"\" width=\"183\" height=\"276\" srcset=\"http:\/\/www.historikerkomitee.de\/wordpress\/wp-content\/uploads\/Unknown.jpeg 183w, http:\/\/www.historikerkomitee.de\/wordpress\/wp-content\/uploads\/Unknown-99x150.jpeg 99w\" sizes=\"(max-width: 183px) 100vw, 183px\" \/>Cet ouvrage propose une histoire de la re\u0301sistance et de l\u2019opposition en Re\u0301publique de\u0301mocratique allemande (RDA) au prisme du me\u0301dia clandestin qu\u2019est le tract. \u00c0 partir d\u2019un corpus in\u00e9dit de 460 tracts, l\u2019\u00e9tude montre que la lutte pour la libert\u00e9 d\u2019expression et la conqu\u00eate de l\u2019espace public ont \u00e9t\u00e9 des enjeux d\u00e9cisifs et continus de l\u2019opposition entre 1949 et 1990.\u00a0Ces sources nous renseignent sur les id\u00e9es, les valeurs, les revendications, les strat\u00e9gies argumentatives et les moyens d\u2019action pr\u00e9conis\u00e9s par plusieurs g\u00e9n\u00e9rations d\u2019opposants, qui ont cherch\u00e9, seuls ou en groupe, a\u0300 combattre la dictature du SED ou a\u0300 la r\u00e9former de l\u2019int\u00e9rieur.<\/p>\n<p><a href=\"http:\/\/www.historikerkomitee.de\/wordpress\/wp-content\/uploads\/FlyerCAMARADE.pdf\">Sommaire de l&rsquo;ouvrage<\/a><\/p>\n<\/div>\n<\/div>\n<\/div>\n<\/div>\n<p>&nbsp;<\/p>\n<div class=\"wp-socializer wpsr-share-icons\" data-lg-action=\"show\" data-sm-action=\"show\" data-sm-width=\"768\"><div class=\"wpsr-si-inner\"><div class=\"socializer sr-popup sr-32px sr-squircle sr-opacity sr-pad\"><span class=\"sr-facebook\"><a data-id=\"facebook\" style=\"color:#ffffff;\" rel=\"nofollow\" href=\"https:\/\/www.facebook.com\/share.php?u=\" target=\"_blank\" title=\"Share this on Facebook\"><i class=\"fab fa-facebook-f\"><\/i><\/a><\/span>\n<span class=\"sr-twitter\"><a data-id=\"twitter\" style=\"color:#ffffff;\" rel=\"nofollow\" href=\"https:\/\/twitter.com\/intent\/tweet?text=%20-%20%20\" target=\"_blank\" title=\"Tweet this !\"><i class=\"fab fa-twitter\"><\/i><\/a><\/span>\n<span class=\"sr-linkedin\"><a data-id=\"linkedin\" style=\"color:#ffffff;\" rel=\"nofollow\" href=\"https:\/\/www.linkedin.com\/sharing\/share-offsite\/?url=\" target=\"_blank\" title=\"Add this to LinkedIn\"><i class=\"fab fa-linkedin-in\"><\/i><\/a><\/span>\n<span class=\"sr-pdf\"><a data-id=\"pdf\" style=\"color:#ffffff;\" rel=\"nofollow\" href=\"https:\/\/www.printfriendly.com\/print?url=\" target=\"_blank\" title=\"Convert to PDF\"><i class=\"fa fa-file-pdf\"><\/i><\/a><\/span>\n<span class=\"sr-share-menu\"><a href=\"#\" target=\"_blank\" title=\"More share links\" style=\"color:#ffffff;\" data-metadata=\"{&quot;url&quot;:&quot;&quot;,&quot;title&quot;:&quot;&quot;,&quot;excerpt&quot;:&quot;&quot;,&quot;image&quot;:&quot;&quot;,&quot;short-url&quot;:&quot;&quot;,&quot;rss-url&quot;:&quot;http:\\\/\\\/www.historikerkomitee.de\\\/?feed=rss2&quot;,&quot;comments-section&quot;:&quot;comments&quot;,&quot;raw-url&quot;:null,&quot;twitter-username&quot;:&quot;&quot;,&quot;fb-app-id&quot;:&quot;&quot;,&quot;fb-app-secret&quot;:&quot;&quot;}\"><i class=\"fa fa-plus\"><\/i><\/a><\/span><\/div><\/div><\/div>","protected":false},"excerpt":{"rendered":"<p>H\u00e9l\u00e8ne Camarade, Le tract en RDA 1949-1990, Instrument de r\u00e9sistance, d\u2019opposition et de conqu\u00eate de l\u2019espace public, Bordeaux, Presses Universitaires de Bordeaux, 2022 Cet ouvrage propose une histoire de la re\u0301sistance et de l\u2019opposition en Re\u0301publique de\u0301mocratique allemande (RDA) au prisme du me\u0301dia clandestin qu\u2019est le tract. \u00c0 partir d\u2019un corpus in\u00e9dit de 460 tracts, &hellip; <a href=\"http:\/\/www.historikerkomitee.de\/?p=4492\" class=\"more-link\">Continuer la lecture de <span class=\"screen-reader-text\">Le tract en RDA<\/span>  <span class=\"meta-nav\">&rarr;<\/span><\/a><\/p>\n","protected":false},"author":3,"featured_media":0,"comment_status":"closed","ping_status":"closed","sticky":false,"template":"","format":"standard","meta":[],"categories":[17],"tags":[61,46,30,59],"acf":[],"_links":{"self":[{"href":"http:\/\/www.historikerkomitee.de\/index.php?rest_route=\/wp\/v2\/posts\/4492"}],"collection":[{"href":"http:\/\/www.historikerkomitee.de\/index.php?rest_route=\/wp\/v2\/posts"}],"about":[{"href":"http:\/\/www.historikerkomitee.de\/index.php?rest_route=\/wp\/v2\/types\/post"}],"author":[{"embeddable":true,"href":"http:\/\/www.historikerkomitee.de\/index.php?rest_route=\/wp\/v2\/users\/3"}],"replies":[{"embeddable":true,"href":"http:\/\/www.historikerkomitee.de\/index.php?rest_route=%2Fwp%2Fv2%2Fcomments&post=4492"}],"version-history":[{"count":3,"href":"http:\/\/www.historikerkomitee.de\/index.php?rest_route=\/wp\/v2\/posts\/4492\/revisions"}],"predecessor-version":[{"id":4497,"href":"http:\/\/www.historikerkomitee.de\/index.php?rest_route=\/wp\/v2\/posts\/4492\/revisions\/4497"}],"wp:attachment":[{"href":"http:\/\/www.historikerkomitee.de\/index.php?rest_route=%2Fwp%2Fv2%2Fmedia&parent=4492"}],"wp:term":[{"taxonomy":"category","embeddable":true,"href":"http:\/\/www.historikerkomitee.de\/index.php?rest_route=%2Fwp%2Fv2%2Fcategories&post=4492"},{"taxonomy":"post_tag","embeddable":true,"href":"http:\/\/www.historikerkomitee.de\/index.php?rest_route=%2Fwp%2Fv2%2Ftags&post=4492"}],"curies":[{"name":"wp","href":"https:\/\/api.w.org\/{rel}","templated":true}]}}