{"id":4822,"date":"2025-06-04T19:13:10","date_gmt":"2025-06-04T17:13:10","guid":{"rendered":"http:\/\/www.historikerkomitee.de\/?p=4822"},"modified":"2025-06-04T19:13:10","modified_gmt":"2025-06-04T17:13:10","slug":"nouvelles-perspectives-sur-lhistoire-de-la-democratie","status":"publish","type":"post","link":"http:\/\/www.historikerkomitee.de\/?p=4822","title":{"rendered":"Nouvelles perspectives sur l\u2019histoire de la d\u00e9mocratie"},"content":{"rendered":"<div class=\"page\" title=\"Page 1\">\n<div class=\"layoutArea\">\n<div class=\"column\">\n<h3><span style=\"color: #993300;\">Concours vide\u0301o franco-allemand pour maste\u0301rant.es et doctorant.es dans le cadre du colloque du Comite\u0301 franco-allemand des historiens<\/span><\/h3>\n<div class=\"page\" title=\"Page 1\">\n<div class=\"layoutArea\">\n<div class=\"column\">\n<p>Dans le cadre de son 17e colloque \u00ab (D\u00e9)faire la de\u0301mocratie. Pratiques de la participation et de la contestation (XIXe\u2013XXIe si\u00e8cles) \u00bb (Munich, Institut fu\u0308r Zeitgeschichte, 5-7 novembre 2025), le Comit\u00e9 franco-allemand des historiens organise un concours pour les jeunes chercheur.ses travaillant sur l\u2019histoire de la d\u00e9mocratie en France et\/ou en Allemagne. Il s\u2019agit de pr\u00e9senter le travail de recherche en cours sous forme d\u2019une courte vid\u00e9o de 3 minutes maximum.<\/p>\n<p>Le concours est ouvert a\u0300 tous les mast\u00e9rant.es et doctorant.es inscrit.es dans des universit\u00e9s fran\u00e7aises ou allemandes. Conform\u00e9ment a\u0300 l\u2019esprit du colloque, la pr\u00e9sentation de travaux a\u0300 dimension transnationale, et notamment franco-allemande, ainsi que des approches innovantes de l\u2019articulation entre de\u0301mocratie, participation et contestation seront particulie\u0300rement appr\u00e9ci\u00e9es.<\/p>\n<p>Le jury sera compos\u00e9 des membres du comit\u00e9 scientifique du colloque. Le\/la laur\u00e9at.e sera invit\u00e9.e a\u0300 se rendre a\u0300 Munich. Une s\u00e9lection des vid\u00e9os sera publi\u00e9e sur le site internet du Comite\u0301 et un montage des meilleures sera diffus\u00e9 le jeudi 6 novembre avant la table ronde publique pr\u00e9vue dans le cadre du colloque.<\/p>\n<p>Les vide\u0301os au format mp4 sont a\u0300 adresser <strong>avant le 15.09.2025<\/strong> a\u0300 Nathalie Le Bou\u00ebdec (nathalie.le-bouedec(at)u-bourgogne.fr) et Johannes Gro\u00dfmann (johannes.grossmann(at)lmu.de).<\/p>\n<p>***<\/p>\n<div class=\"page\" title=\"Page 2\">\n<div class=\"layoutArea\">\n<div class=\"column\">\n<p>Im Rahmen seines 17. Kolloquiums \u201eDie Demokratie (ab)schaffen. Praktiken der Partizipation und des Protests (19.\u201321. Jahrhundert)\u201c (Mu\u0308nchen, Institut fu\u0308r Zeitgeschichte, 5.\u20137. November 2025) veranstaltet das Deutsch-Franz\u00f6sische Historikerkomitee einen Wettbewerb f\u00fcr Nachwuchswissenschaftlerinnen und Nachwuchswissenschaftler, die in Frankreich und\/oder Deutschland \u00fcber die Geschichte der Demokratie arbeiten. Laufende Forschungsarbeiten sollen in Form von maximal dreimin\u00fctigen Kurzvideos pr\u00e4sentiert werden.<\/p>\n<p>Der Wettbewerb steht allen Masterstudierenden und Promovierenden offen, die an einer franz\u00f6sischen oder deutschen Universit\u00e4t eingeschrieben sind. In \u00dcbereinstimmung mit dem Thema des diesj\u00e4hrigen Kolloquiums sind Arbeiten mit transnationaler, insbesondere deutsch-franz\u00f6sischer Dimension sowie innovative Ans\u00e4tze zum Verh\u00e4ltnis von Demokratie, Partizipation und Protest besonders willkommen.<\/p>\n<p>Die Jury besteht aus Mitgliedern des Wissenschaftlichen Beirats des Kolloquiums. Die Gewinnerin bzw. der Gewinner des Wettbewerbs wird eingeladen, an der Tagung in M\u00fcnchen teilzunehmen. Eine Auswahl von Videos wird auf der Website des Komitees pr\u00e4sentiert. Ein Zusammenschnitt der besten Beitr\u00e4ge soll am Donnerstag, den 6. November, vor der \u00f6ffentlichen Podiumsdiskussion im Rahmen des Kolloquiums gezeigt werden.<\/p>\n<p>Ihre Videobeitr\u00e4ge senden Sie bitte im mp4-Format bis zum <strong>15.09.2025<\/strong> an Johannes Gro\u00dfmann (johannes.grossmann(at)lmu.de) und Nathalie Le Boue\u0308dec (nathalie.le-bouedec(at)u- bourgogne.fr).<\/p>\n<\/div>\n<\/div>\n<\/div>\n<p><a href=\"http:\/\/www.historikerkomitee.de\/wordpress\/wp-content\/uploads\/CFP_Demokratie_francais-1.pdf\">Vers l&rsquo;AAC\/CfP du colloque \u00ab (De\u0301)faire la de\u0301mocratie. Pratiques de la participation et de la contestation (XIXe\u2013XXIe si\u00e8cles) \u00bb en fran\u00e7ais et en allemand<\/a><\/p>\n<\/div>\n<\/div>\n<\/div>\n<\/div>\n<\/div>\n<\/div>\n<div class=\"wp-socializer wpsr-share-icons\" data-lg-action=\"show\" data-sm-action=\"show\" data-sm-width=\"768\"><div class=\"wpsr-si-inner\"><div class=\"socializer sr-popup sr-32px sr-squircle sr-opacity sr-pad\"><span class=\"sr-facebook\"><a data-id=\"facebook\" style=\"color:#ffffff;\" rel=\"nofollow\" href=\"https:\/\/www.facebook.com\/share.php?u=\" target=\"_blank\" title=\"Share this on Facebook\"><i class=\"fab fa-facebook-f\"><\/i><\/a><\/span>\n<span class=\"sr-twitter\"><a data-id=\"twitter\" style=\"color:#ffffff;\" rel=\"nofollow\" href=\"https:\/\/twitter.com\/intent\/tweet?text=%20-%20%20\" target=\"_blank\" title=\"Tweet this !\"><i class=\"fab fa-twitter\"><\/i><\/a><\/span>\n<span class=\"sr-linkedin\"><a data-id=\"linkedin\" style=\"color:#ffffff;\" rel=\"nofollow\" href=\"https:\/\/www.linkedin.com\/sharing\/share-offsite\/?url=\" target=\"_blank\" title=\"Add this to LinkedIn\"><i class=\"fab fa-linkedin-in\"><\/i><\/a><\/span>\n<span class=\"sr-pdf\"><a data-id=\"pdf\" style=\"color:#ffffff;\" rel=\"nofollow\" href=\"https:\/\/www.printfriendly.com\/print?url=\" target=\"_blank\" title=\"Convert to PDF\"><i class=\"fa fa-file-pdf\"><\/i><\/a><\/span>\n<span class=\"sr-share-menu\"><a href=\"#\" target=\"_blank\" title=\"More share links\" style=\"color:#ffffff;\" data-metadata=\"{&quot;url&quot;:&quot;&quot;,&quot;title&quot;:&quot;&quot;,&quot;excerpt&quot;:&quot;&quot;,&quot;image&quot;:&quot;&quot;,&quot;short-url&quot;:&quot;&quot;,&quot;rss-url&quot;:&quot;http:\\\/\\\/www.historikerkomitee.de\\\/?feed=rss2&quot;,&quot;comments-section&quot;:&quot;comments&quot;,&quot;raw-url&quot;:null,&quot;twitter-username&quot;:&quot;&quot;,&quot;fb-app-id&quot;:&quot;&quot;,&quot;fb-app-secret&quot;:&quot;&quot;}\"><i class=\"fa fa-plus\"><\/i><\/a><\/span><\/div><\/div><\/div>","protected":false},"excerpt":{"rendered":"<p>Concours vide\u0301o franco-allemand pour maste\u0301rant.es et doctorant.es dans le cadre du colloque du Comite\u0301 franco-allemand des historiens Dans le cadre de son 17e colloque \u00ab (D\u00e9)faire la de\u0301mocratie. Pratiques de la participation et de la contestation (XIXe\u2013XXIe si\u00e8cles) \u00bb (Munich, Institut fu\u0308r Zeitgeschichte, 5-7 novembre 2025), le Comit\u00e9 franco-allemand des historiens organise un concours pour &hellip; <a href=\"http:\/\/www.historikerkomitee.de\/?p=4822\" class=\"more-link\">Continuer la lecture de <span class=\"screen-reader-text\">Nouvelles perspectives sur l\u2019histoire de la d\u00e9mocratie<\/span>  <span class=\"meta-nav\">&rarr;<\/span><\/a><\/p>\n","protected":false},"author":3,"featured_media":0,"comment_status":"closed","ping_status":"closed","sticky":false,"template":"","format":"standard","meta":[],"categories":[38,62,17],"tags":[],"acf":[],"_links":{"self":[{"href":"http:\/\/www.historikerkomitee.de\/index.php?rest_route=\/wp\/v2\/posts\/4822"}],"collection":[{"href":"http:\/\/www.historikerkomitee.de\/index.php?rest_route=\/wp\/v2\/posts"}],"about":[{"href":"http:\/\/www.historikerkomitee.de\/index.php?rest_route=\/wp\/v2\/types\/post"}],"author":[{"embeddable":true,"href":"http:\/\/www.historikerkomitee.de\/index.php?rest_route=\/wp\/v2\/users\/3"}],"replies":[{"embeddable":true,"href":"http:\/\/www.historikerkomitee.de\/index.php?rest_route=%2Fwp%2Fv2%2Fcomments&post=4822"}],"version-history":[{"count":3,"href":"http:\/\/www.historikerkomitee.de\/index.php?rest_route=\/wp\/v2\/posts\/4822\/revisions"}],"predecessor-version":[{"id":4826,"href":"http:\/\/www.historikerkomitee.de\/index.php?rest_route=\/wp\/v2\/posts\/4822\/revisions\/4826"}],"wp:attachment":[{"href":"http:\/\/www.historikerkomitee.de\/index.php?rest_route=%2Fwp%2Fv2%2Fmedia&parent=4822"}],"wp:term":[{"taxonomy":"category","embeddable":true,"href":"http:\/\/www.historikerkomitee.de\/index.php?rest_route=%2Fwp%2Fv2%2Fcategories&post=4822"},{"taxonomy":"post_tag","embeddable":true,"href":"http:\/\/www.historikerkomitee.de\/index.php?rest_route=%2Fwp%2Fv2%2Ftags&post=4822"}],"curies":[{"name":"wp","href":"https:\/\/api.w.org\/{rel}","templated":true}]}}