{"id":4829,"date":"2025-06-14T10:17:19","date_gmt":"2025-06-14T08:17:19","guid":{"rendered":"http:\/\/www.historikerkomitee.de\/?p=4829"},"modified":"2025-06-14T10:17:19","modified_gmt":"2025-06-14T08:17:19","slug":"la-justice-ouest-allemande-face-aux-medias","status":"publish","type":"post","link":"http:\/\/www.historikerkomitee.de\/?p=4829","title":{"rendered":"La justice ouest-allemande face aux m\u00e9dias"},"content":{"rendered":"<h3><span style=\"color: #993300;\">Publication de Nathalie Le Bou\u00ebdec, La justice ouest-allemande face aux m\u00e9dias (1945-1963): l&rsquo;impossible relation de confiance?, Villeneuve d&rsquo;Ascq, Presses universitaires du Septentrion, 2024<\/span><\/h3>\n<div><\/div>\n<div><img loading=\"lazy\" class=\"alignleft size-medium wp-image-4831\" src=\"http:\/\/www.historikerkomitee.de\/wordpress\/wp-content\/uploads\/Photo-couverture_Le-Bouedec-200x300.jpg\" alt=\"\" width=\"200\" height=\"300\" srcset=\"http:\/\/www.historikerkomitee.de\/wordpress\/wp-content\/uploads\/Photo-couverture_Le-Bouedec-200x300.jpg 200w, http:\/\/www.historikerkomitee.de\/wordpress\/wp-content\/uploads\/Photo-couverture_Le-Bouedec-100x150.jpg 100w, http:\/\/www.historikerkomitee.de\/wordpress\/wp-content\/uploads\/Photo-couverture_Le-Bouedec.jpg 400w\" sizes=\"(max-width: 200px) 100vw, 200px\" \/>L&rsquo;histoire de la justice ouest-allemande apr\u00e8s 1945 ne se r\u00e9sume pas \u00e0 la question du pass\u00e9 national-socialiste. \u00c0 travers l\u2019histoire des rapports entre justice et m\u00e9dias, c\u2019est le processus complexe d\u2019adaptation d\u2019une institution \u00e0 la d\u00e9mocratie et aux mutations de l\u2019apr\u00e8s-guerre qui se d\u00e9voile. En se fondant sur une \u00e9tude in\u00e9dite du travail des services de presse de la justice et du quotidien des rapports entre magistrats et journalistes \u00e0 diff\u00e9rentes \u00e9chelles, l\u2019analyse montre comment les acteurs judiciaires ont r\u00e9agi aux revendications des m\u00e9dias en mati\u00e8re d\u2019acc\u00e8s \u00e0 l\u2019information ou encore \u00e0 l\u2019essor de la radio, puis de la t\u00e9l\u00e9vision. \u00c0 rebours de toute vision monolithique, cette histoire culturelle de la justice ouest-allemande entre 1945 et 1963 met au jour une pluralit\u00e9 de discours et de pratiques et des rapports aux m\u00e9dias<\/div>\n<div>oscillant entre conflit ouvert et coexistence pacifique, apportant ainsi un nouvel \u00e9clairage sur cette p\u00e9riode de construction de la d\u00e9mocratie.<\/div>\n<div><a href=\"https:\/\/www.septentrion.com\/fr\/livre\/?GCOI=27574100870380\">Lien vers l&rsquo;\u00e9diteur<\/a><\/div>\n<div class=\"wp-socializer wpsr-share-icons\" data-lg-action=\"show\" data-sm-action=\"show\" data-sm-width=\"768\"><div class=\"wpsr-si-inner\"><div class=\"socializer sr-popup sr-32px sr-squircle sr-opacity sr-pad\"><span class=\"sr-facebook\"><a data-id=\"facebook\" style=\"color:#ffffff;\" rel=\"nofollow\" href=\"https:\/\/www.facebook.com\/share.php?u=\" target=\"_blank\" title=\"Share this on Facebook\"><i class=\"fab fa-facebook-f\"><\/i><\/a><\/span>\n<span class=\"sr-twitter\"><a data-id=\"twitter\" style=\"color:#ffffff;\" rel=\"nofollow\" href=\"https:\/\/twitter.com\/intent\/tweet?text=%20-%20%20\" target=\"_blank\" title=\"Tweet this !\"><i class=\"fab fa-twitter\"><\/i><\/a><\/span>\n<span class=\"sr-linkedin\"><a data-id=\"linkedin\" style=\"color:#ffffff;\" rel=\"nofollow\" href=\"https:\/\/www.linkedin.com\/sharing\/share-offsite\/?url=\" target=\"_blank\" title=\"Add this to LinkedIn\"><i class=\"fab fa-linkedin-in\"><\/i><\/a><\/span>\n<span class=\"sr-pdf\"><a data-id=\"pdf\" style=\"color:#ffffff;\" rel=\"nofollow\" href=\"https:\/\/www.printfriendly.com\/print?url=\" target=\"_blank\" title=\"Convert to PDF\"><i class=\"fa fa-file-pdf\"><\/i><\/a><\/span>\n<span class=\"sr-share-menu\"><a href=\"#\" target=\"_blank\" title=\"More share links\" style=\"color:#ffffff;\" data-metadata=\"{&quot;url&quot;:&quot;&quot;,&quot;title&quot;:&quot;&quot;,&quot;excerpt&quot;:&quot;&quot;,&quot;image&quot;:&quot;&quot;,&quot;short-url&quot;:&quot;&quot;,&quot;rss-url&quot;:&quot;http:\\\/\\\/www.historikerkomitee.de\\\/?feed=rss2&quot;,&quot;comments-section&quot;:&quot;comments&quot;,&quot;raw-url&quot;:null,&quot;twitter-username&quot;:&quot;&quot;,&quot;fb-app-id&quot;:&quot;&quot;,&quot;fb-app-secret&quot;:&quot;&quot;}\"><i class=\"fa fa-plus\"><\/i><\/a><\/span><\/div><\/div><\/div>","protected":false},"excerpt":{"rendered":"<p>Publication de Nathalie Le Bou\u00ebdec, La justice ouest-allemande face aux m\u00e9dias (1945-1963): l&rsquo;impossible relation de confiance?, Villeneuve d&rsquo;Ascq, Presses universitaires du Septentrion, 2024 L&rsquo;histoire de la justice ouest-allemande apr\u00e8s 1945 ne se r\u00e9sume pas \u00e0 la question du pass\u00e9 national-socialiste. \u00c0 travers l\u2019histoire des rapports entre justice et m\u00e9dias, c\u2019est le processus complexe d\u2019adaptation d\u2019une &hellip; <a href=\"http:\/\/www.historikerkomitee.de\/?p=4829\" class=\"more-link\">Continuer la lecture de <span class=\"screen-reader-text\">La justice ouest-allemande face aux m\u00e9dias<\/span>  <span class=\"meta-nav\">&rarr;<\/span><\/a><\/p>\n","protected":false},"author":3,"featured_media":0,"comment_status":"closed","ping_status":"closed","sticky":false,"template":"","format":"standard","meta":[],"categories":[39,64,17],"tags":[],"acf":[],"_links":{"self":[{"href":"http:\/\/www.historikerkomitee.de\/index.php?rest_route=\/wp\/v2\/posts\/4829"}],"collection":[{"href":"http:\/\/www.historikerkomitee.de\/index.php?rest_route=\/wp\/v2\/posts"}],"about":[{"href":"http:\/\/www.historikerkomitee.de\/index.php?rest_route=\/wp\/v2\/types\/post"}],"author":[{"embeddable":true,"href":"http:\/\/www.historikerkomitee.de\/index.php?rest_route=\/wp\/v2\/users\/3"}],"replies":[{"embeddable":true,"href":"http:\/\/www.historikerkomitee.de\/index.php?rest_route=%2Fwp%2Fv2%2Fcomments&post=4829"}],"version-history":[{"count":1,"href":"http:\/\/www.historikerkomitee.de\/index.php?rest_route=\/wp\/v2\/posts\/4829\/revisions"}],"predecessor-version":[{"id":4832,"href":"http:\/\/www.historikerkomitee.de\/index.php?rest_route=\/wp\/v2\/posts\/4829\/revisions\/4832"}],"wp:attachment":[{"href":"http:\/\/www.historikerkomitee.de\/index.php?rest_route=%2Fwp%2Fv2%2Fmedia&parent=4829"}],"wp:term":[{"taxonomy":"category","embeddable":true,"href":"http:\/\/www.historikerkomitee.de\/index.php?rest_route=%2Fwp%2Fv2%2Fcategories&post=4829"},{"taxonomy":"post_tag","embeddable":true,"href":"http:\/\/www.historikerkomitee.de\/index.php?rest_route=%2Fwp%2Fv2%2Ftags&post=4829"}],"curies":[{"name":"wp","href":"https:\/\/api.w.org\/{rel}","templated":true}]}}