{"id":4834,"date":"2025-06-14T10:22:00","date_gmt":"2025-06-14T08:22:00","guid":{"rendered":"http:\/\/www.historikerkomitee.de\/?p=4834"},"modified":"2025-06-14T10:22:00","modified_gmt":"2025-06-14T08:22:00","slug":"les-emotions-de-1989","status":"publish","type":"post","link":"http:\/\/www.historikerkomitee.de\/?p=4834","title":{"rendered":"Les \u00c9motions de 1989"},"content":{"rendered":"<h3><span style=\"color: #993300;\"><b>Publication : H\u00e9l\u00e8ne Miard-Delacroix, Les \u00c9motions de 1989. France et Allemagne face aux bouleversements du monde, Paris, Flammarion, 2025<\/b><\/span><\/h3>\n<div>\n<p><img loading=\"lazy\" class=\"alignleft size-medium wp-image-4830\" src=\"http:\/\/www.historikerkomitee.de\/wordpress\/wp-content\/uploads\/Capture-decran-2025-06-14-a-10.11.19-183x300.png\" alt=\"\" width=\"183\" height=\"300\" srcset=\"http:\/\/www.historikerkomitee.de\/wordpress\/wp-content\/uploads\/Capture-decran-2025-06-14-a-10.11.19-183x300.png 183w, http:\/\/www.historikerkomitee.de\/wordpress\/wp-content\/uploads\/Capture-decran-2025-06-14-a-10.11.19-92x150.png 92w, http:\/\/www.historikerkomitee.de\/wordpress\/wp-content\/uploads\/Capture-decran-2025-06-14-a-10.11.19.png 431w\" sizes=\"(max-width: 183px) 100vw, 183px\" \/>La certitude d\u2019assister \u00e0 un moment de bascule dans les \u00e9quilibres du monde dessine la fin d\u2019une \u00e8re qui a commenc\u00e9 en 1989-90, dans l\u2019incr\u00e9dulit\u00e9, l\u2019inqui\u00e9tude mais aussi dans une joie intense. Plus encore que les changements r\u00e9els qu\u2019elle a entra\u00een\u00e9s, c\u2019est le souvenir d\u2019\u00e9motions puissantes qui fait la post\u00e9rit\u00e9 de 1989, rare c\u00e9sure positive de l\u2019histoire contemporaine.<br \/>\nLa m\u00e9moire de 1989 est tellement domin\u00e9e par l\u2019incroyable joie \u00e0 la chute du mur de Berlin qu\u2019on en oublierait presque que la fin de la RDA et l\u2019unification allemande en 1990 ont \u00e9t\u00e9 pr\u00e9c\u00e9d\u00e9es de tant de peur et d\u2019indignation, \u00e0 Tian\u2019anmen, \u00e0 Leipzig, \u00e0 Prague, puis \u00e0 Bucarest et Timisoara. Ce livre retrace la dynamique avec laquelle, entre \u00e9merveillement et espoir, les Europ\u00e9ens ont eu l\u2019impression d\u2019assister \u00e0 un jeu de dominos et parfois de subir les \u00e9v\u00e9nements. En prenant ensemble la France et l\u2019Allemagne, ce r\u00e9cit original et vivant r\u00e9v\u00e8le des circulations inattendues d\u2019\u00e9mois dans un ch\u0153ur aux voix nombreuses. Il montre que les \u00e9motions sont un moyen d\u2019appr\u00e9hender le changement et une ressource de l\u2019action publique. Partag\u00e9es, elles peuvent aussi r\u00e9v\u00e9ler et consolider des communaut\u00e9s de culture et de valeurs dans un moment de grands \u00e9branlements.<br \/>\nH\u00e9l\u00e8ne Miard-Delacroix mobilise des sources d\u2019archives nombreuses pour inscrire l\u2019histoire des \u00e9motions dans l\u2019analyse des relations internationales et dans une histoire franco-allemande entrem\u00eal\u00e9e.<\/p>\n<p><a href=\"https:\/\/editions.flammarion.com\/les-emotions-de-1989\/9782080477538\">Lien vers l&rsquo;\u00e9diteur<\/a><\/p>\n<\/div>\n<div class=\"wp-socializer wpsr-share-icons\" data-lg-action=\"show\" data-sm-action=\"show\" data-sm-width=\"768\"><div class=\"wpsr-si-inner\"><div class=\"socializer sr-popup sr-32px sr-squircle sr-opacity sr-pad\"><span class=\"sr-facebook\"><a data-id=\"facebook\" style=\"color:#ffffff;\" rel=\"nofollow\" href=\"https:\/\/www.facebook.com\/share.php?u=\" target=\"_blank\" title=\"Share this on Facebook\"><i class=\"fab fa-facebook-f\"><\/i><\/a><\/span>\n<span class=\"sr-twitter\"><a data-id=\"twitter\" style=\"color:#ffffff;\" rel=\"nofollow\" href=\"https:\/\/twitter.com\/intent\/tweet?text=%20-%20%20\" target=\"_blank\" title=\"Tweet this !\"><i class=\"fab fa-twitter\"><\/i><\/a><\/span>\n<span class=\"sr-linkedin\"><a data-id=\"linkedin\" style=\"color:#ffffff;\" rel=\"nofollow\" href=\"https:\/\/www.linkedin.com\/sharing\/share-offsite\/?url=\" target=\"_blank\" title=\"Add this to LinkedIn\"><i class=\"fab fa-linkedin-in\"><\/i><\/a><\/span>\n<span class=\"sr-pdf\"><a data-id=\"pdf\" style=\"color:#ffffff;\" rel=\"nofollow\" href=\"https:\/\/www.printfriendly.com\/print?url=\" target=\"_blank\" title=\"Convert to PDF\"><i class=\"fa fa-file-pdf\"><\/i><\/a><\/span>\n<span class=\"sr-share-menu\"><a href=\"#\" target=\"_blank\" title=\"More share links\" style=\"color:#ffffff;\" data-metadata=\"{&quot;url&quot;:&quot;&quot;,&quot;title&quot;:&quot;&quot;,&quot;excerpt&quot;:&quot;&quot;,&quot;image&quot;:&quot;&quot;,&quot;short-url&quot;:&quot;&quot;,&quot;rss-url&quot;:&quot;http:\\\/\\\/www.historikerkomitee.de\\\/?feed=rss2&quot;,&quot;comments-section&quot;:&quot;comments&quot;,&quot;raw-url&quot;:null,&quot;twitter-username&quot;:&quot;&quot;,&quot;fb-app-id&quot;:&quot;&quot;,&quot;fb-app-secret&quot;:&quot;&quot;}\"><i class=\"fa fa-plus\"><\/i><\/a><\/span><\/div><\/div><\/div>","protected":false},"excerpt":{"rendered":"<p>Publication : H\u00e9l\u00e8ne Miard-Delacroix, Les \u00c9motions de 1989. France et Allemagne face aux bouleversements du monde, Paris, Flammarion, 2025 La certitude d\u2019assister \u00e0 un moment de bascule dans les \u00e9quilibres du monde dessine la fin d\u2019une \u00e8re qui a commenc\u00e9 en 1989-90, dans l\u2019incr\u00e9dulit\u00e9, l\u2019inqui\u00e9tude mais aussi dans une joie intense. Plus encore que les &hellip; <a href=\"http:\/\/www.historikerkomitee.de\/?p=4834\" class=\"more-link\">Continuer la lecture de <span class=\"screen-reader-text\">Les \u00c9motions de 1989<\/span>  <span class=\"meta-nav\">&rarr;<\/span><\/a><\/p>\n","protected":false},"author":3,"featured_media":0,"comment_status":"closed","ping_status":"closed","sticky":false,"template":"","format":"standard","meta":[],"categories":[39,64,17],"tags":[],"acf":[],"_links":{"self":[{"href":"http:\/\/www.historikerkomitee.de\/index.php?rest_route=\/wp\/v2\/posts\/4834"}],"collection":[{"href":"http:\/\/www.historikerkomitee.de\/index.php?rest_route=\/wp\/v2\/posts"}],"about":[{"href":"http:\/\/www.historikerkomitee.de\/index.php?rest_route=\/wp\/v2\/types\/post"}],"author":[{"embeddable":true,"href":"http:\/\/www.historikerkomitee.de\/index.php?rest_route=\/wp\/v2\/users\/3"}],"replies":[{"embeddable":true,"href":"http:\/\/www.historikerkomitee.de\/index.php?rest_route=%2Fwp%2Fv2%2Fcomments&post=4834"}],"version-history":[{"count":2,"href":"http:\/\/www.historikerkomitee.de\/index.php?rest_route=\/wp\/v2\/posts\/4834\/revisions"}],"predecessor-version":[{"id":4836,"href":"http:\/\/www.historikerkomitee.de\/index.php?rest_route=\/wp\/v2\/posts\/4834\/revisions\/4836"}],"wp:attachment":[{"href":"http:\/\/www.historikerkomitee.de\/index.php?rest_route=%2Fwp%2Fv2%2Fmedia&parent=4834"}],"wp:term":[{"taxonomy":"category","embeddable":true,"href":"http:\/\/www.historikerkomitee.de\/index.php?rest_route=%2Fwp%2Fv2%2Fcategories&post=4834"},{"taxonomy":"post_tag","embeddable":true,"href":"http:\/\/www.historikerkomitee.de\/index.php?rest_route=%2Fwp%2Fv2%2Ftags&post=4834"}],"curies":[{"name":"wp","href":"https:\/\/api.w.org\/{rel}","templated":true}]}}